{"id":1344,"date":"2021-05-20T09:36:02","date_gmt":"2021-05-20T08:36:02","guid":{"rendered":"https:\/\/blogsaverroes.juntadeandalucia.es\/hercan\/?p=1344"},"modified":"2023-04-20T07:57:36","modified_gmt":"2023-04-20T06:57:36","slug":"cuentacuentos-en-infantil","status":"publish","type":"post","link":"https:\/\/blogsaverroes.juntadeandalucia.es\/hercan\/2021\/05\/20\/cuentacuentos-en-infantil\/","title":{"rendered":"CUENTACUENTOS EN INFANTIL"},"content":{"rendered":"<p>Buenos d\u00edas familias.<\/p>\n<p>Siguiendo con las actividades del Equipo de Biblioteca, el alumnado de Infantil 3 a\u00f1os disfrut\u00f3 esta semana de una actividad centrada en las historias de colores del cuento \u00ab<strong><a href=\"https:\/\/youtu.be\/ZMXNaL9Rmjs\">MEZCLADOS<\/a><\/strong>\u00ab.<\/p>\n<p>Al finalizar realizaron un mural que est\u00e1 expuesto en el pasillo.<\/p>\n<p>Os dejamos unas fotos de la actividad.<\/p>\nngg_shortcode_0_placeholder\n","protected":false},"excerpt":{"rendered":"<p>Buenos d\u00edas familias. Siguiendo con las actividades del Equipo de Biblioteca, el alumnado de Infantil 3 a\u00f1os disfrut\u00f3 esta semana de una actividad centrada&#46;&#46;&#46;<\/p>\n","protected":false},"author":1447,"featured_media":1353,"comment_status":"open","ping_status":"open","sticky":false,"template":"","format":"standard","meta":{"ngg_post_thumbnail":0,"footnotes":""},"categories":[1060470],"tags":[1060442,1060513,1060485,1060474,1060475],"aioseo_notices":[],"_links":{"self":[{"href":"https:\/\/blogsaverroes.juntadeandalucia.es\/hercan\/wp-json\/wp\/v2\/posts\/1344"}],"collection":[{"href":"https:\/\/blogsaverroes.juntadeandalucia.es\/hercan\/wp-json\/wp\/v2\/posts"}],"about":[{"href":"https:\/\/blogsaverroes.juntadeandalucia.es\/hercan\/wp-json\/wp\/v2\/types\/post"}],"author":[{"embeddable":true,"href":"https:\/\/blogsaverroes.juntadeandalucia.es\/hercan\/wp-json\/wp\/v2\/users\/1447"}],"replies":[{"embeddable":true,"href":"https:\/\/blogsaverroes.juntadeandalucia.es\/hercan\/wp-json\/wp\/v2\/comments?post=1344"}],"version-history":[{"count":3,"href":"https:\/\/blogsaverroes.juntadeandalucia.es\/hercan\/wp-json\/wp\/v2\/posts\/1344\/revisions"}],"predecessor-version":[{"id":1354,"href":"https:\/\/blogsaverroes.juntadeandalucia.es\/hercan\/wp-json\/wp\/v2\/posts\/1344\/revisions\/1354"}],"wp:featuredmedia":[{"embeddable":true,"href":"https:\/\/blogsaverroes.juntadeandalucia.es\/hercan\/wp-json\/wp\/v2\/media\/1353"}],"wp:attachment":[{"href":"https:\/\/blogsaverroes.juntadeandalucia.es\/hercan\/wp-json\/wp\/v2\/media?parent=1344"}],"wp:term":[{"taxonomy":"category","embeddable":true,"href":"https:\/\/blogsaverroes.juntadeandalucia.es\/hercan\/wp-json\/wp\/v2\/categories?post=1344"},{"taxonomy":"post_tag","embeddable":true,"href":"https:\/\/blogsaverroes.juntadeandalucia.es\/hercan\/wp-json\/wp\/v2\/tags?post=1344"}],"curies":[{"name":"wp","href":"https:\/\/api.w.org\/{rel}","templated":true}]}}