{"id":1434,"date":"2021-09-21T10:37:51","date_gmt":"2021-09-21T09:37:51","guid":{"rendered":"https:\/\/blogsaverroes.juntadeandalucia.es\/hercan\/?p=1434"},"modified":"2021-09-21T10:42:44","modified_gmt":"2021-09-21T09:42:44","slug":"actividades-complementarias-curso-2021-2022","status":"publish","type":"post","link":"https:\/\/blogsaverroes.juntadeandalucia.es\/hercan\/2021\/09\/21\/actividades-complementarias-curso-2021-2022\/","title":{"rendered":"ACTIVIDADES COMPLEMENTARIAS CURSO 2021 &#8211; 2022"},"content":{"rendered":"<p>Buenos d\u00edas familias.<\/p>\n<p>Ya se han entregado a vuestros hijos las hojas informativas para solicitar la inscripci\u00f3n en las Actividades Complementarias que cada a\u00f1o se ofrecen en el Centro.<\/p>\n<p>Adjuntamos otros documentos que pueden ser de vuestro inter\u00e9s por si quer\u00e9is hacer uso de estos servicios.<\/p>\n<p>Gracias.<\/p>\n<p><a href=\"https:\/\/blogsaverroes.juntadeandalucia.es\/hercan\/2021\/09\/21\/actividades-complementarias-curso-2021-2022\/actividades-extraescolares-2021-22\/\" rel=\"attachment wp-att-1435\">Actividades-Extraescolares-2021-22<\/a><\/p>\n<p><a href=\"https:\/\/blogsaverroes.juntadeandalucia.es\/hercan\/2021\/09\/21\/actividades-complementarias-curso-2021-2022\/inscripcion-actividades-extraescoles-21-22\/\" rel=\"attachment wp-att-1436\">Inscripci\u00f3n actividades extraescoles 21&#8211;22<\/a><\/p>\n<p>&nbsp;<\/p>\n<p><a href=\"https:\/\/blogsaverroes.juntadeandalucia.es\/hercan\/2021\/09\/21\/actividades-complementarias-curso-2021-2022\/img-20210916-wa0000\/\" rel=\"attachment wp-att-1438\"><img loading=\"lazy\" decoding=\"async\" class=\"aligncenter size-medium wp-image-1438\" src=\"https:\/\/blogsaverroes.juntadeandalucia.es\/hercan\/files\/2021\/09\/IMG-20210916-WA0000-214x300.jpg\" alt=\"\" width=\"214\" height=\"300\" srcset=\"https:\/\/blogsaverroes.juntadeandalucia.es\/hercan\/files\/2021\/09\/IMG-20210916-WA0000-214x300.jpg 214w, https:\/\/blogsaverroes.juntadeandalucia.es\/hercan\/files\/2021\/09\/IMG-20210916-WA0000-732x1024.jpg 732w, https:\/\/blogsaverroes.juntadeandalucia.es\/hercan\/files\/2021\/09\/IMG-20210916-WA0000-768x1075.jpg 768w, https:\/\/blogsaverroes.juntadeandalucia.es\/hercan\/files\/2021\/09\/IMG-20210916-WA0000.jpg 886w\" sizes=\"(max-width: 214px) 100vw, 214px\" \/><\/a><a href=\"https:\/\/blogsaverroes.juntadeandalucia.es\/hercan\/2021\/09\/21\/actividades-complementarias-curso-2021-2022\/hoja-inscripcion_hernandez-canovas_21-22_editable\/\" rel=\"attachment wp-att-1437\">Hoja Inscripci\u00f3n_HERNANDEZ CANOVAS_21-22_Editable<\/a><\/p>\n","protected":false},"excerpt":{"rendered":"<p>Buenos d\u00edas familias. Ya se han entregado a vuestros hijos las hojas informativas para solicitar la inscripci\u00f3n en las Actividades Complementarias que cada a\u00f1o&#46;&#46;&#46;<\/p>\n","protected":false},"author":1447,"featured_media":693,"comment_status":"open","ping_status":"open","sticky":false,"template":"","format":"standard","meta":{"ngg_post_thumbnail":0,"footnotes":""},"categories":[1060470,1060471,1060472,1060473],"tags":[1060442,1060444,1060448,1060445],"aioseo_notices":[],"_links":{"self":[{"href":"https:\/\/blogsaverroes.juntadeandalucia.es\/hercan\/wp-json\/wp\/v2\/posts\/1434"}],"collection":[{"href":"https:\/\/blogsaverroes.juntadeandalucia.es\/hercan\/wp-json\/wp\/v2\/posts"}],"about":[{"href":"https:\/\/blogsaverroes.juntadeandalucia.es\/hercan\/wp-json\/wp\/v2\/types\/post"}],"author":[{"embeddable":true,"href":"https:\/\/blogsaverroes.juntadeandalucia.es\/hercan\/wp-json\/wp\/v2\/users\/1447"}],"replies":[{"embeddable":true,"href":"https:\/\/blogsaverroes.juntadeandalucia.es\/hercan\/wp-json\/wp\/v2\/comments?post=1434"}],"version-history":[{"count":2,"href":"https:\/\/blogsaverroes.juntadeandalucia.es\/hercan\/wp-json\/wp\/v2\/posts\/1434\/revisions"}],"predecessor-version":[{"id":1440,"href":"https:\/\/blogsaverroes.juntadeandalucia.es\/hercan\/wp-json\/wp\/v2\/posts\/1434\/revisions\/1440"}],"wp:featuredmedia":[{"embeddable":true,"href":"https:\/\/blogsaverroes.juntadeandalucia.es\/hercan\/wp-json\/wp\/v2\/media\/693"}],"wp:attachment":[{"href":"https:\/\/blogsaverroes.juntadeandalucia.es\/hercan\/wp-json\/wp\/v2\/media?parent=1434"}],"wp:term":[{"taxonomy":"category","embeddable":true,"href":"https:\/\/blogsaverroes.juntadeandalucia.es\/hercan\/wp-json\/wp\/v2\/categories?post=1434"},{"taxonomy":"post_tag","embeddable":true,"href":"https:\/\/blogsaverroes.juntadeandalucia.es\/hercan\/wp-json\/wp\/v2\/tags?post=1434"}],"curies":[{"name":"wp","href":"https:\/\/api.w.org\/{rel}","templated":true}]}}