{"id":1465,"date":"2021-10-08T11:08:57","date_gmt":"2021-10-08T10:08:57","guid":{"rendered":"https:\/\/blogsaverroes.juntadeandalucia.es\/hercan\/?p=1465"},"modified":"2021-10-08T11:31:51","modified_gmt":"2021-10-08T10:31:51","slug":"1465","status":"publish","type":"post","link":"https:\/\/blogsaverroes.juntadeandalucia.es\/hercan\/2021\/10\/08\/1465\/","title":{"rendered":"HORARIOS DE ATENCI\u00d3N A LAS FAMILIAS"},"content":{"rendered":"<p>Buenos d\u00edas familias.<\/p>\n<p>Os informamos de los distintos HORARIOS DE ATENCI\u00d3N a Familias para este curso 2021 &#8211; 2022.<\/p>\n<p>DIRECCI\u00d3N (Alonso Ruiz): martes y jueves de 9:15 a 10:15 h.<\/p>\n<p>JEFATURA DE ESTUDIOS (Maril\u00f3 Dom\u00ednguez): martes, mi\u00e9rcoles y jueves de 9:15 a 10:00 h.<\/p>\n<p>SECRETAR\u00cdA (Kiko Romero): lunes y jueves de 9:15 a 10:00 h.<\/p>\n<p>ADMINISTRACI\u00d3N (Ana Moya): lunes a viernes de 9:15 a 11:00 h.<\/p>\n<p>Recordad que es necesario concertar CITA PREVIA:<\/p>\n<ul>\n<li>Por tel\u00e9fono en el 600 140 879<\/li>\n<li>Por email: 29011904.edu@juntadeandalucia.es<\/li>\n<\/ul>\n<p>Muchas gracias<\/p>\n","protected":false},"excerpt":{"rendered":"<p>Buenos d\u00edas familias. Os informamos de los distintos HORARIOS DE ATENCI\u00d3N a Familias para este curso 2021 &#8211; 2022. DIRECCI\u00d3N (Alonso Ruiz): martes y&#46;&#46;&#46;<\/p>\n","protected":false},"author":1447,"featured_media":364,"comment_status":"open","ping_status":"open","sticky":false,"template":"","format":"standard","meta":{"ngg_post_thumbnail":0,"footnotes":""},"categories":[11909],"tags":[1060495,1060497,1060496,1060494],"aioseo_notices":[],"_links":{"self":[{"href":"https:\/\/blogsaverroes.juntadeandalucia.es\/hercan\/wp-json\/wp\/v2\/posts\/1465"}],"collection":[{"href":"https:\/\/blogsaverroes.juntadeandalucia.es\/hercan\/wp-json\/wp\/v2\/posts"}],"about":[{"href":"https:\/\/blogsaverroes.juntadeandalucia.es\/hercan\/wp-json\/wp\/v2\/types\/post"}],"author":[{"embeddable":true,"href":"https:\/\/blogsaverroes.juntadeandalucia.es\/hercan\/wp-json\/wp\/v2\/users\/1447"}],"replies":[{"embeddable":true,"href":"https:\/\/blogsaverroes.juntadeandalucia.es\/hercan\/wp-json\/wp\/v2\/comments?post=1465"}],"version-history":[{"count":4,"href":"https:\/\/blogsaverroes.juntadeandalucia.es\/hercan\/wp-json\/wp\/v2\/posts\/1465\/revisions"}],"predecessor-version":[{"id":1469,"href":"https:\/\/blogsaverroes.juntadeandalucia.es\/hercan\/wp-json\/wp\/v2\/posts\/1465\/revisions\/1469"}],"wp:featuredmedia":[{"embeddable":true,"href":"https:\/\/blogsaverroes.juntadeandalucia.es\/hercan\/wp-json\/wp\/v2\/media\/364"}],"wp:attachment":[{"href":"https:\/\/blogsaverroes.juntadeandalucia.es\/hercan\/wp-json\/wp\/v2\/media?parent=1465"}],"wp:term":[{"taxonomy":"category","embeddable":true,"href":"https:\/\/blogsaverroes.juntadeandalucia.es\/hercan\/wp-json\/wp\/v2\/categories?post=1465"},{"taxonomy":"post_tag","embeddable":true,"href":"https:\/\/blogsaverroes.juntadeandalucia.es\/hercan\/wp-json\/wp\/v2\/tags?post=1465"}],"curies":[{"name":"wp","href":"https:\/\/api.w.org\/{rel}","templated":true}]}}