{"id":1475,"date":"2021-10-27T09:28:17","date_gmt":"2021-10-27T08:28:17","guid":{"rendered":"https:\/\/blogsaverroes.juntadeandalucia.es\/hercan\/?p=1475"},"modified":"2021-10-27T09:28:17","modified_gmt":"2021-10-27T08:28:17","slug":"actividades-en-octubre","status":"publish","type":"post","link":"https:\/\/blogsaverroes.juntadeandalucia.es\/hercan\/2021\/10\/27\/actividades-en-octubre\/","title":{"rendered":"ACTIVIDADES EN OCTUBRE"},"content":{"rendered":"<p>Buenos d\u00edas familias.<\/p>\n<p>A lo largo de este mes de octubre se han realizado en el Centro multitud de actividades y proyectos.<\/p>\n<p>El alumnado de 1\u00ba ha realizado siluetas del cuerpo humano y ha identificado (en ingl\u00e9s), sus partes principales.<\/p>\n<p>En Tercer Ciclo han elaborado maquetas con las distintas capas de la Tierra y han fabricado sus propias consolas de videojuegos.<\/p>\n<p>En Franc\u00e9s se ha expuesto una selecci\u00f3n de las mejores portadas de libretas.<\/p>\n<p>Finalmente, con motivo de la conmemoraci\u00f3n del Descubrimiento de Am\u00e9rica, se han realizado distintas actividades en clase, como el visionado de v\u00eddeos y la resoluci\u00f3n de fichas alusivas a esta Efem\u00e9ride. En el pasillo de Primer Ciclo hay una peque\u00f1a muestra de la tarea que ha hecho el alumnado de 1\u00ba.<\/p>\nngg_shortcode_0_placeholder\n","protected":false},"excerpt":{"rendered":"<p>Buenos d\u00edas familias. A lo largo de este mes de octubre se han realizado en el Centro multitud de actividades y proyectos. El alumnado&#46;&#46;&#46;<\/p>\n","protected":false},"author":1447,"featured_media":1499,"comment_status":"open","ping_status":"open","sticky":false,"template":"","format":"standard","meta":{"ngg_post_thumbnail":0,"footnotes":""},"categories":[1060471,1060473],"tags":[1060442,1060430,1060501,1060455,1060438,1060440,1060432],"aioseo_notices":[],"_links":{"self":[{"href":"https:\/\/blogsaverroes.juntadeandalucia.es\/hercan\/wp-json\/wp\/v2\/posts\/1475"}],"collection":[{"href":"https:\/\/blogsaverroes.juntadeandalucia.es\/hercan\/wp-json\/wp\/v2\/posts"}],"about":[{"href":"https:\/\/blogsaverroes.juntadeandalucia.es\/hercan\/wp-json\/wp\/v2\/types\/post"}],"author":[{"embeddable":true,"href":"https:\/\/blogsaverroes.juntadeandalucia.es\/hercan\/wp-json\/wp\/v2\/users\/1447"}],"replies":[{"embeddable":true,"href":"https:\/\/blogsaverroes.juntadeandalucia.es\/hercan\/wp-json\/wp\/v2\/comments?post=1475"}],"version-history":[{"count":1,"href":"https:\/\/blogsaverroes.juntadeandalucia.es\/hercan\/wp-json\/wp\/v2\/posts\/1475\/revisions"}],"predecessor-version":[{"id":1500,"href":"https:\/\/blogsaverroes.juntadeandalucia.es\/hercan\/wp-json\/wp\/v2\/posts\/1475\/revisions\/1500"}],"wp:featuredmedia":[{"embeddable":true,"href":"https:\/\/blogsaverroes.juntadeandalucia.es\/hercan\/wp-json\/wp\/v2\/media\/1499"}],"wp:attachment":[{"href":"https:\/\/blogsaverroes.juntadeandalucia.es\/hercan\/wp-json\/wp\/v2\/media?parent=1475"}],"wp:term":[{"taxonomy":"category","embeddable":true,"href":"https:\/\/blogsaverroes.juntadeandalucia.es\/hercan\/wp-json\/wp\/v2\/categories?post=1475"},{"taxonomy":"post_tag","embeddable":true,"href":"https:\/\/blogsaverroes.juntadeandalucia.es\/hercan\/wp-json\/wp\/v2\/tags?post=1475"}],"curies":[{"name":"wp","href":"https:\/\/api.w.org\/{rel}","templated":true}]}}