{"id":1868,"date":"2021-12-22T10:58:51","date_gmt":"2021-12-22T09:58:51","guid":{"rendered":"https:\/\/blogsaverroes.juntadeandalucia.es\/hercan\/?p=1868"},"modified":"2021-12-22T10:58:52","modified_gmt":"2021-12-22T09:58:52","slug":"navidad-sin-genero","status":"publish","type":"post","link":"https:\/\/blogsaverroes.juntadeandalucia.es\/hercan\/2021\/12\/22\/navidad-sin-genero\/","title":{"rendered":"NAVIDAD SIN G\u00c9NERO"},"content":{"rendered":"<p>Buenos d\u00edas familias.<\/p>\n<p>El Equipo de Igualdad del CEIP Hern\u00e1ndez C\u00e1novas quiere compartir con vosotros, un a\u00f1o m\u00e1s, la inciativa \u00abNavidad sin G\u00e9nero\u00bb, en la que pod\u00e9is enviarnos fotos con vuestros regalos \u00abSin G\u00e9nero\u00bb a la direcci\u00f3n navidadsingenero@ceiphernandezcanovas.es .<\/p>\n<p>\u00a1PARTICIPA!<\/p>\n<p><a href=\"https:\/\/blogsaverroes.juntadeandalucia.es\/hercan\/2021\/12\/22\/navidad-sin-genero\/navidad-sin-genero\/\" rel=\"attachment wp-att-1870\">NAVIDAD SIN GENERO<\/a><\/p>\n<p>Muchas gracias.<\/p>\n<p><a href=\"https:\/\/blogsaverroes.juntadeandalucia.es\/hercan\/2021\/12\/22\/navidad-sin-genero\/navidad-sin-genero-2\/\" rel=\"attachment wp-att-1871\"><img loading=\"lazy\" decoding=\"async\" class=\"aligncenter size-medium wp-image-1871\" src=\"https:\/\/blogsaverroes.juntadeandalucia.es\/hercan\/files\/2021\/12\/NAVIDAD-SIN-GENERO-300x213.jpg\" alt=\"\" width=\"300\" height=\"213\" srcset=\"https:\/\/blogsaverroes.juntadeandalucia.es\/hercan\/files\/2021\/12\/NAVIDAD-SIN-GENERO-300x213.jpg 300w, https:\/\/blogsaverroes.juntadeandalucia.es\/hercan\/files\/2021\/12\/NAVIDAD-SIN-GENERO-768x546.jpg 768w, https:\/\/blogsaverroes.juntadeandalucia.es\/hercan\/files\/2021\/12\/NAVIDAD-SIN-GENERO.jpg 986w\" sizes=\"(max-width: 300px) 100vw, 300px\" \/><\/a><\/p>\n","protected":false},"excerpt":{"rendered":"<p>Buenos d\u00edas familias. El Equipo de Igualdad del CEIP Hern\u00e1ndez C\u00e1novas quiere compartir con vosotros, un a\u00f1o m\u00e1s, la inciativa \u00abNavidad sin G\u00e9nero\u00bb, en&#46;&#46;&#46;<\/p>\n","protected":false},"author":1447,"featured_media":1871,"comment_status":"open","ping_status":"open","sticky":false,"template":"","format":"standard","meta":{"ngg_post_thumbnail":0,"footnotes":""},"categories":[11909],"tags":[1060442,1060460,1060474,1060465,1060463],"aioseo_notices":[],"_links":{"self":[{"href":"https:\/\/blogsaverroes.juntadeandalucia.es\/hercan\/wp-json\/wp\/v2\/posts\/1868"}],"collection":[{"href":"https:\/\/blogsaverroes.juntadeandalucia.es\/hercan\/wp-json\/wp\/v2\/posts"}],"about":[{"href":"https:\/\/blogsaverroes.juntadeandalucia.es\/hercan\/wp-json\/wp\/v2\/types\/post"}],"author":[{"embeddable":true,"href":"https:\/\/blogsaverroes.juntadeandalucia.es\/hercan\/wp-json\/wp\/v2\/users\/1447"}],"replies":[{"embeddable":true,"href":"https:\/\/blogsaverroes.juntadeandalucia.es\/hercan\/wp-json\/wp\/v2\/comments?post=1868"}],"version-history":[{"count":2,"href":"https:\/\/blogsaverroes.juntadeandalucia.es\/hercan\/wp-json\/wp\/v2\/posts\/1868\/revisions"}],"predecessor-version":[{"id":1873,"href":"https:\/\/blogsaverroes.juntadeandalucia.es\/hercan\/wp-json\/wp\/v2\/posts\/1868\/revisions\/1873"}],"wp:featuredmedia":[{"embeddable":true,"href":"https:\/\/blogsaverroes.juntadeandalucia.es\/hercan\/wp-json\/wp\/v2\/media\/1871"}],"wp:attachment":[{"href":"https:\/\/blogsaverroes.juntadeandalucia.es\/hercan\/wp-json\/wp\/v2\/media?parent=1868"}],"wp:term":[{"taxonomy":"category","embeddable":true,"href":"https:\/\/blogsaverroes.juntadeandalucia.es\/hercan\/wp-json\/wp\/v2\/categories?post=1868"},{"taxonomy":"post_tag","embeddable":true,"href":"https:\/\/blogsaverroes.juntadeandalucia.es\/hercan\/wp-json\/wp\/v2\/tags?post=1868"}],"curies":[{"name":"wp","href":"https:\/\/api.w.org\/{rel}","templated":true}]}}