{"id":2645,"date":"2023-02-21T11:51:09","date_gmt":"2023-02-21T10:51:09","guid":{"rendered":"https:\/\/blogsaverroes.juntadeandalucia.es\/hercan\/?p=2645"},"modified":"2023-02-21T11:51:09","modified_gmt":"2023-02-21T10:51:09","slug":"exhibicion-de-aves","status":"publish","type":"post","link":"https:\/\/blogsaverroes.juntadeandalucia.es\/hercan\/2023\/02\/21\/exhibicion-de-aves\/","title":{"rendered":"EXHIBICI\u00d3N DE AVES"},"content":{"rendered":"<p>Buenos d\u00edas familias.<\/p>\n<p>El pasado d\u00eda 16 tuvo lugar en el Centro una exhibici\u00f3n de aves rapaces a cargo de una Asociaci\u00f3n de Cetrer\u00eda.<\/p>\n<p>El alumnado pudo conocer las caracter\u00edsticas de algunas de estas aves y disfrut\u00f3 con las pr\u00e1cticas de vuelo y caza que pudieron realizar en el patio.<\/p>\n<p>Os dejamos algunas fotos de la actividad.<\/p>\nngg_shortcode_0_placeholder\n","protected":false},"excerpt":{"rendered":"<p>Buenos d\u00edas familias. El pasado d\u00eda 16 tuvo lugar en el Centro una exhibici\u00f3n de aves rapaces a cargo de una Asociaci\u00f3n de Cetrer\u00eda.&#46;&#46;&#46;<\/p>\n","protected":false},"author":1447,"featured_media":2667,"comment_status":"open","ping_status":"open","sticky":false,"template":"","format":"standard","meta":{"ngg_post_thumbnail":0,"footnotes":""},"categories":[1060470,1060471,1060472,1060473],"tags":[1060442,1060548,1060547],"aioseo_notices":[],"_links":{"self":[{"href":"https:\/\/blogsaverroes.juntadeandalucia.es\/hercan\/wp-json\/wp\/v2\/posts\/2645"}],"collection":[{"href":"https:\/\/blogsaverroes.juntadeandalucia.es\/hercan\/wp-json\/wp\/v2\/posts"}],"about":[{"href":"https:\/\/blogsaverroes.juntadeandalucia.es\/hercan\/wp-json\/wp\/v2\/types\/post"}],"author":[{"embeddable":true,"href":"https:\/\/blogsaverroes.juntadeandalucia.es\/hercan\/wp-json\/wp\/v2\/users\/1447"}],"replies":[{"embeddable":true,"href":"https:\/\/blogsaverroes.juntadeandalucia.es\/hercan\/wp-json\/wp\/v2\/comments?post=2645"}],"version-history":[{"count":1,"href":"https:\/\/blogsaverroes.juntadeandalucia.es\/hercan\/wp-json\/wp\/v2\/posts\/2645\/revisions"}],"predecessor-version":[{"id":2668,"href":"https:\/\/blogsaverroes.juntadeandalucia.es\/hercan\/wp-json\/wp\/v2\/posts\/2645\/revisions\/2668"}],"wp:featuredmedia":[{"embeddable":true,"href":"https:\/\/blogsaverroes.juntadeandalucia.es\/hercan\/wp-json\/wp\/v2\/media\/2667"}],"wp:attachment":[{"href":"https:\/\/blogsaverroes.juntadeandalucia.es\/hercan\/wp-json\/wp\/v2\/media?parent=2645"}],"wp:term":[{"taxonomy":"category","embeddable":true,"href":"https:\/\/blogsaverroes.juntadeandalucia.es\/hercan\/wp-json\/wp\/v2\/categories?post=2645"},{"taxonomy":"post_tag","embeddable":true,"href":"https:\/\/blogsaverroes.juntadeandalucia.es\/hercan\/wp-json\/wp\/v2\/tags?post=2645"}],"curies":[{"name":"wp","href":"https:\/\/api.w.org\/{rel}","templated":true}]}}