{"id":2917,"date":"2023-03-28T16:01:55","date_gmt":"2023-03-28T15:01:55","guid":{"rendered":"https:\/\/blogsaverroes.juntadeandalucia.es\/hercan\/?p=2917"},"modified":"2023-03-28T16:01:55","modified_gmt":"2023-03-28T15:01:55","slug":"final-de-trimestre","status":"publish","type":"post","link":"https:\/\/blogsaverroes.juntadeandalucia.es\/hercan\/2023\/03\/28\/final-de-trimestre\/","title":{"rendered":"FINAL DE TRIMESTRE"},"content":{"rendered":"<p>Estimadas familias.<\/p>\n<p>Llegado el final del segundo trimestre les comunicamos el proceso de entrega de notas para Infantil y Primaria.<\/p>\n<p>El jueves, 30 de marzo, el alumnado de Infantil llevar\u00e1 a casa su bolet\u00edn de notas y las carpetas con los trabajos trimestrales.<\/p>\n<p>El viernes, 31 de marzo, se subir\u00e1n los boletines del alumnado de Primaria (con calificaciones e informe trimestral de h\u00e1bitos de trabajo) al punto virtual de recogida. Adem\u00e1s se podr\u00e1n consultar, solamente las calificaciones, a trav\u00e9s de Pasen\/iPasen.<\/p>\n<p>Adjuntamos enlace a videotutorial sobre c\u00f3mo acceder al mencionado Punto Virtual de Recogida y descargar cualquier documentaci\u00f3n.<\/p>\n<p><a href=\"https:\/\/youtu.be\/ls7EritoyC0\" target=\"_blank\" rel=\"noopener noreferrer\">Descarga de documentaci\u00f3n desde Punto Virtual de Recogida<\/a><\/p>\n<p>Asismismo, les recordamos que el tercer trimestre comenzar\u00e1 el&nbsp;<strong>lunes, 10 de abril<\/strong>.<\/p>\n<p>Un saludo y felices vacaciones.<\/p>\n<p>La Direcci\u00f3n<\/p>\n","protected":false},"excerpt":{"rendered":"<p>Estimadas familias. Llegado el final del segundo trimestre les comunicamos el proceso de entrega de notas para Infantil y Primaria. El jueves, 30 de&#46;&#46;&#46;<\/p>\n","protected":false},"author":1447,"featured_media":671,"comment_status":"open","ping_status":"open","sticky":false,"template":"","format":"standard","meta":{"ngg_post_thumbnail":0,"footnotes":""},"categories":[1060470,1060471,1060472,1060473],"tags":[1060561,1060560],"aioseo_notices":[],"_links":{"self":[{"href":"https:\/\/blogsaverroes.juntadeandalucia.es\/hercan\/wp-json\/wp\/v2\/posts\/2917"}],"collection":[{"href":"https:\/\/blogsaverroes.juntadeandalucia.es\/hercan\/wp-json\/wp\/v2\/posts"}],"about":[{"href":"https:\/\/blogsaverroes.juntadeandalucia.es\/hercan\/wp-json\/wp\/v2\/types\/post"}],"author":[{"embeddable":true,"href":"https:\/\/blogsaverroes.juntadeandalucia.es\/hercan\/wp-json\/wp\/v2\/users\/1447"}],"replies":[{"embeddable":true,"href":"https:\/\/blogsaverroes.juntadeandalucia.es\/hercan\/wp-json\/wp\/v2\/comments?post=2917"}],"version-history":[{"count":1,"href":"https:\/\/blogsaverroes.juntadeandalucia.es\/hercan\/wp-json\/wp\/v2\/posts\/2917\/revisions"}],"predecessor-version":[{"id":2918,"href":"https:\/\/blogsaverroes.juntadeandalucia.es\/hercan\/wp-json\/wp\/v2\/posts\/2917\/revisions\/2918"}],"wp:featuredmedia":[{"embeddable":true,"href":"https:\/\/blogsaverroes.juntadeandalucia.es\/hercan\/wp-json\/wp\/v2\/media\/671"}],"wp:attachment":[{"href":"https:\/\/blogsaverroes.juntadeandalucia.es\/hercan\/wp-json\/wp\/v2\/media?parent=2917"}],"wp:term":[{"taxonomy":"category","embeddable":true,"href":"https:\/\/blogsaverroes.juntadeandalucia.es\/hercan\/wp-json\/wp\/v2\/categories?post=2917"},{"taxonomy":"post_tag","embeddable":true,"href":"https:\/\/blogsaverroes.juntadeandalucia.es\/hercan\/wp-json\/wp\/v2\/tags?post=2917"}],"curies":[{"name":"wp","href":"https:\/\/api.w.org\/{rel}","templated":true}]}}