{"id":2919,"date":"2023-03-28T16:11:00","date_gmt":"2023-03-28T15:11:00","guid":{"rendered":"https:\/\/blogsaverroes.juntadeandalucia.es\/hercan\/?p=2919"},"modified":"2023-04-18T10:09:02","modified_gmt":"2023-04-18T09:09:02","slug":"acto-de-reinauguracion","status":"publish","type":"post","link":"https:\/\/blogsaverroes.juntadeandalucia.es\/hercan\/2023\/03\/28\/acto-de-reinauguracion\/","title":{"rendered":"ACTO DE REINAUGURACI\u00d3N"},"content":{"rendered":"<p>Buenas tardes familias.<\/p>\n<p>Nuestro Centro ha disfrutado hoy, martes 28, de una jornada muy especial, en la que se ha celebrado un Acto para conmemorar la Restauraci\u00f3n de las figuras que decoran la entrada y agradecer as\u00ed la labor del artista, Adri\u00e1n Aguilar P\u00e9rez (antiguo alumno del Centro) que ha llevado a cabo dicho proceso (pod\u00e9is verlo en este <a href=\"https:\/\/www.instagram.com\/p\/Cp5XiByoBhM\/\"><strong>v\u00eddeo<\/strong><\/a>).<\/p>\n<p>Al Acto han asistido distintas personalidades del Ayuntamiento y Junta de Distrito, as\u00ed como de la Comunidad Educativa del Centro (Equipo Directivo, AMPA y una selecci\u00f3n de alumnos que ha participado activamente en el mismo).<\/p>\n<p><a href=\"https:\/\/blogsaverroes.juntadeandalucia.es\/hercan\/2023\/03\/28\/acto-de-reinauguracion\/whatsapp-image-2023-03-28-at-11-26-48\/\" rel=\"attachment wp-att-2920\"><img loading=\"lazy\" decoding=\"async\" class=\"aligncenter wp-image-2920\" src=\"https:\/\/blogsaverroes.juntadeandalucia.es\/hercan\/files\/2023\/03\/WhatsApp-Image-2023-03-28-at-11.26.48-300x169.jpeg\" alt=\"\" width=\"586\" height=\"330\" srcset=\"https:\/\/blogsaverroes.juntadeandalucia.es\/hercan\/files\/2023\/03\/WhatsApp-Image-2023-03-28-at-11.26.48-300x169.jpeg 300w, https:\/\/blogsaverroes.juntadeandalucia.es\/hercan\/files\/2023\/03\/WhatsApp-Image-2023-03-28-at-11.26.48-1024x576.jpeg 1024w, https:\/\/blogsaverroes.juntadeandalucia.es\/hercan\/files\/2023\/03\/WhatsApp-Image-2023-03-28-at-11.26.48-768x432.jpeg 768w, https:\/\/blogsaverroes.juntadeandalucia.es\/hercan\/files\/2023\/03\/WhatsApp-Image-2023-03-28-at-11.26.48-1536x864.jpeg 1536w, https:\/\/blogsaverroes.juntadeandalucia.es\/hercan\/files\/2023\/03\/WhatsApp-Image-2023-03-28-at-11.26.48.jpeg 1600w\" sizes=\"(max-width: 586px) 100vw, 586px\" \/><\/a><\/p>\n<p>Aqu\u00ed ten\u00e9is una selecci\u00f3n de fotos del Acto y v\u00eddeo con el recitado, a cargo de Pablo M\u00e1rquez (5\u00ba A), del poema escrito por Elena Ramos (AMPA).<\/p>\nngg_shortcode_0_placeholder<div style=\"width: 848px;\" class=\"wp-video\"><!--[if lt IE 9]><script>document.createElement('video');<\/script><![endif]-->\n<video class=\"wp-video-shortcode\" id=\"video-2919-1\" width=\"848\" height=\"480\" preload=\"metadata\" controls=\"controls\"><source type=\"video\/mp4\" src=\"https:\/\/blogsaverroes.juntadeandalucia.es\/hercan\/files\/2023\/03\/VID-20230412-WA0033.mp4?_=1\" \/><a href=\"https:\/\/blogsaverroes.juntadeandalucia.es\/hercan\/files\/2023\/03\/VID-20230412-WA0033.mp4\">https:\/\/blogsaverroes.juntadeandalucia.es\/hercan\/files\/2023\/03\/VID-20230412-WA0033.mp4<\/a><\/video><\/div>\n<p>&nbsp;<\/p>\n","protected":false},"excerpt":{"rendered":"<p>Buenas tardes familias. Nuestro Centro ha disfrutado hoy, martes 28, de una jornada muy especial, en la que se ha celebrado un Acto para&#46;&#46;&#46;<\/p>\n","protected":false},"author":1447,"featured_media":2967,"comment_status":"open","ping_status":"open","sticky":false,"template":"","format":"standard","meta":{"ngg_post_thumbnail":0,"footnotes":""},"categories":[11909],"tags":[70,1060553],"aioseo_notices":[],"_links":{"self":[{"href":"https:\/\/blogsaverroes.juntadeandalucia.es\/hercan\/wp-json\/wp\/v2\/posts\/2919"}],"collection":[{"href":"https:\/\/blogsaverroes.juntadeandalucia.es\/hercan\/wp-json\/wp\/v2\/posts"}],"about":[{"href":"https:\/\/blogsaverroes.juntadeandalucia.es\/hercan\/wp-json\/wp\/v2\/types\/post"}],"author":[{"embeddable":true,"href":"https:\/\/blogsaverroes.juntadeandalucia.es\/hercan\/wp-json\/wp\/v2\/users\/1447"}],"replies":[{"embeddable":true,"href":"https:\/\/blogsaverroes.juntadeandalucia.es\/hercan\/wp-json\/wp\/v2\/comments?post=2919"}],"version-history":[{"count":5,"href":"https:\/\/blogsaverroes.juntadeandalucia.es\/hercan\/wp-json\/wp\/v2\/posts\/2919\/revisions"}],"predecessor-version":[{"id":2969,"href":"https:\/\/blogsaverroes.juntadeandalucia.es\/hercan\/wp-json\/wp\/v2\/posts\/2919\/revisions\/2969"}],"wp:featuredmedia":[{"embeddable":true,"href":"https:\/\/blogsaverroes.juntadeandalucia.es\/hercan\/wp-json\/wp\/v2\/media\/2967"}],"wp:attachment":[{"href":"https:\/\/blogsaverroes.juntadeandalucia.es\/hercan\/wp-json\/wp\/v2\/media?parent=2919"}],"wp:term":[{"taxonomy":"category","embeddable":true,"href":"https:\/\/blogsaverroes.juntadeandalucia.es\/hercan\/wp-json\/wp\/v2\/categories?post=2919"},{"taxonomy":"post_tag","embeddable":true,"href":"https:\/\/blogsaverroes.juntadeandalucia.es\/hercan\/wp-json\/wp\/v2\/tags?post=2919"}],"curies":[{"name":"wp","href":"https:\/\/api.w.org\/{rel}","templated":true}]}}