{"id":3045,"date":"2023-05-09T10:18:55","date_gmt":"2023-05-09T09:18:55","guid":{"rendered":"https:\/\/blogsaverroes.juntadeandalucia.es\/hercan\/?p=3045"},"modified":"2023-05-09T10:21:43","modified_gmt":"2023-05-09T09:21:43","slug":"jornada-deportiva-intercentros-2","status":"publish","type":"post","link":"https:\/\/blogsaverroes.juntadeandalucia.es\/hercan\/2023\/05\/09\/jornada-deportiva-intercentros-2\/","title":{"rendered":"JORNADA DEPORTIVA INTERCENTROS"},"content":{"rendered":"<p>Buenos d\u00edas familia.<\/p>\n<p>Compartimos con vosotros el v\u00eddeo que resume la Jornada Deportiva Intercentros que se realiz\u00f3 el pasado jueves 27 de abril en el CEIP Sim\u00f3n Bol\u00edvar.<\/p>\n<p>Todo el alumnado participante disfrut\u00f3 de una selecci\u00f3n de juegos y actividades de car\u00e1cter cooperativo, en un ambiente festivo y de compa\u00f1erismo, que finaliz\u00f3 con un tiempo compartido de desayuno en el patio.&nbsp;<\/p>\n<p>La valoraci\u00f3n, tanto del alumnado como del profesorado que ayud\u00f3 en la realizaci\u00f3n de los juegos fue de gran satisfacci\u00f3n, apostando por mantener en a\u00f1os sucesivos actividades de este tipo que contribuyen a la formaci\u00f3n integral del alumnado.<\/p>\n<p>Gracias.<\/p>\n<p><iframe loading=\"lazy\" title=\"JORNADAS DE CONVIVENCIA DEPORTIVA INTERCENTROS: CEIP &quot;HERN\u00c1NDEZ C\u00c1NOVAS&quot; Y CEIP &quot;SIM\u00d3N BOL\u00cdVAR&quot;\" width=\"500\" height=\"281\" src=\"https:\/\/www.youtube.com\/embed\/_1lS_tKY_W4?feature=oembed&#038;wmode=opaque\" frameborder=\"0\" allow=\"accelerometer; autoplay; clipboard-write; encrypted-media; gyroscope; picture-in-picture; web-share\" allowfullscreen><\/iframe><\/p>\n","protected":false},"excerpt":{"rendered":"<p>Buenos d\u00edas familia. Compartimos con vosotros el v\u00eddeo que resume la Jornada Deportiva Intercentros que se realiz\u00f3 el pasado jueves 27 de abril en&#46;&#46;&#46;<\/p>\n","protected":false},"author":1447,"featured_media":0,"comment_status":"open","ping_status":"open","sticky":false,"template":"","format":"standard","meta":{"ngg_post_thumbnail":0,"footnotes":""},"categories":[1060472,1060473],"tags":[1060442,1060460,1060462,1060463],"aioseo_notices":[],"_links":{"self":[{"href":"https:\/\/blogsaverroes.juntadeandalucia.es\/hercan\/wp-json\/wp\/v2\/posts\/3045"}],"collection":[{"href":"https:\/\/blogsaverroes.juntadeandalucia.es\/hercan\/wp-json\/wp\/v2\/posts"}],"about":[{"href":"https:\/\/blogsaverroes.juntadeandalucia.es\/hercan\/wp-json\/wp\/v2\/types\/post"}],"author":[{"embeddable":true,"href":"https:\/\/blogsaverroes.juntadeandalucia.es\/hercan\/wp-json\/wp\/v2\/users\/1447"}],"replies":[{"embeddable":true,"href":"https:\/\/blogsaverroes.juntadeandalucia.es\/hercan\/wp-json\/wp\/v2\/comments?post=3045"}],"version-history":[{"count":3,"href":"https:\/\/blogsaverroes.juntadeandalucia.es\/hercan\/wp-json\/wp\/v2\/posts\/3045\/revisions"}],"predecessor-version":[{"id":3048,"href":"https:\/\/blogsaverroes.juntadeandalucia.es\/hercan\/wp-json\/wp\/v2\/posts\/3045\/revisions\/3048"}],"wp:attachment":[{"href":"https:\/\/blogsaverroes.juntadeandalucia.es\/hercan\/wp-json\/wp\/v2\/media?parent=3045"}],"wp:term":[{"taxonomy":"category","embeddable":true,"href":"https:\/\/blogsaverroes.juntadeandalucia.es\/hercan\/wp-json\/wp\/v2\/categories?post=3045"},{"taxonomy":"post_tag","embeddable":true,"href":"https:\/\/blogsaverroes.juntadeandalucia.es\/hercan\/wp-json\/wp\/v2\/tags?post=3045"}],"curies":[{"name":"wp","href":"https:\/\/api.w.org\/{rel}","templated":true}]}}