{"id":3921,"date":"2024-01-16T13:48:54","date_gmt":"2024-01-16T12:48:54","guid":{"rendered":"https:\/\/blogsaverroes.juntadeandalucia.es\/hercan\/?p=3921"},"modified":"2024-01-16T13:48:54","modified_gmt":"2024-01-16T12:48:54","slug":"gran-final-del-torneo-de-futbol-chapas","status":"publish","type":"post","link":"https:\/\/blogsaverroes.juntadeandalucia.es\/hercan\/2024\/01\/16\/gran-final-del-torneo-de-futbol-chapas\/","title":{"rendered":"GRAN FINAL DEL TORNEO DE F\u00daTBOL CHAPAS"},"content":{"rendered":"<p>Buenas tardes familias.<\/p>\n<p>El pasado viernes, a la hora del Recreo, se celebr\u00f3 la gran final del Torneo de F\u00fatbol Chapas entre Turqu\u00eda (representada por Pablo, de 6\u00baA) y Senegal (representada por Dar\u00edo, de 6\u00ba A). La victoria correspondi\u00f3 a Turqu\u00eda en un partido muy disputado.<\/p>\n<p>Os dejamos el <a href=\"https:\/\/drive.google.com\/drive\/folders\/1H0n44fnxaNQMxw_3s9qZ1KGFEahgYf8d?usp=sharing\"><strong>acceso<\/strong><\/a> a las fotos de la actividad.<\/p>\n<p>Recordad que <span style=\"text-decoration: underline\"><strong>es necesario utilizar la cuenta de correo corporativa<\/strong><\/span> del alumno\/a inscrito en el Centro para su visionado.<\/p>\n<p>Gracias.<\/p>\n","protected":false},"excerpt":{"rendered":"<p>Buenas tardes familias. El pasado viernes, a la hora del Recreo, se celebr\u00f3 la gran final del Torneo de F\u00fatbol Chapas entre Turqu\u00eda (representada&#46;&#46;&#46;<\/p>\n","protected":false},"author":1447,"featured_media":3924,"comment_status":"open","ping_status":"open","sticky":false,"template":"","format":"standard","meta":{"ngg_post_thumbnail":0,"footnotes":""},"categories":[1060473],"tags":[1060442,1060619,1060618,1060459],"aioseo_notices":[],"_links":{"self":[{"href":"https:\/\/blogsaverroes.juntadeandalucia.es\/hercan\/wp-json\/wp\/v2\/posts\/3921"}],"collection":[{"href":"https:\/\/blogsaverroes.juntadeandalucia.es\/hercan\/wp-json\/wp\/v2\/posts"}],"about":[{"href":"https:\/\/blogsaverroes.juntadeandalucia.es\/hercan\/wp-json\/wp\/v2\/types\/post"}],"author":[{"embeddable":true,"href":"https:\/\/blogsaverroes.juntadeandalucia.es\/hercan\/wp-json\/wp\/v2\/users\/1447"}],"replies":[{"embeddable":true,"href":"https:\/\/blogsaverroes.juntadeandalucia.es\/hercan\/wp-json\/wp\/v2\/comments?post=3921"}],"version-history":[{"count":1,"href":"https:\/\/blogsaverroes.juntadeandalucia.es\/hercan\/wp-json\/wp\/v2\/posts\/3921\/revisions"}],"predecessor-version":[{"id":3925,"href":"https:\/\/blogsaverroes.juntadeandalucia.es\/hercan\/wp-json\/wp\/v2\/posts\/3921\/revisions\/3925"}],"wp:featuredmedia":[{"embeddable":true,"href":"https:\/\/blogsaverroes.juntadeandalucia.es\/hercan\/wp-json\/wp\/v2\/media\/3924"}],"wp:attachment":[{"href":"https:\/\/blogsaverroes.juntadeandalucia.es\/hercan\/wp-json\/wp\/v2\/media?parent=3921"}],"wp:term":[{"taxonomy":"category","embeddable":true,"href":"https:\/\/blogsaverroes.juntadeandalucia.es\/hercan\/wp-json\/wp\/v2\/categories?post=3921"},{"taxonomy":"post_tag","embeddable":true,"href":"https:\/\/blogsaverroes.juntadeandalucia.es\/hercan\/wp-json\/wp\/v2\/tags?post=3921"}],"curies":[{"name":"wp","href":"https:\/\/api.w.org\/{rel}","templated":true}]}}