{"id":4156,"date":"2024-09-05T11:55:44","date_gmt":"2024-09-05T10:55:44","guid":{"rendered":"https:\/\/blogsaverroes.juntadeandalucia.es\/hercan\/?p=4156"},"modified":"2024-09-05T18:01:34","modified_gmt":"2024-09-05T17:01:34","slug":"nota-informativa-sobre-entradas-y-salidas-del-centro","status":"publish","type":"post","link":"https:\/\/blogsaverroes.juntadeandalucia.es\/hercan\/2024\/09\/05\/nota-informativa-sobre-entradas-y-salidas-del-centro\/","title":{"rendered":"NOTA INFORMATIVA SOBRE ENTRADAS Y SALIDAS DEL CENTRO"},"content":{"rendered":"<p>Estimadas familias:<\/p>\n<p>Adjuntamos la <strong>nota informativa del horario de entrada y salida<\/strong>&nbsp;al centro diaria, a partir del 11 de septiembre.<\/p>\n<p>Adem\u00e1s,&nbsp;<strong>SE INFORMA<\/strong>&nbsp;del horario y organizaci\u00f3n en la&nbsp;<strong>entrada y salida del AULA MATINAL Y COMEDOR:<\/strong><\/p>\n<p>AULA MATINAL<strong>: Comienzo el 10 de septiembre de 7:30 a 9:00h.&nbsp;<\/strong>El alumnado que use el servicio el primer d\u00eda de clase seguir\u00e1 en el centro atendido por el personal docente.<\/p>\n<p>COMEDOR:&nbsp;<strong>Comienzo el 10 de septiembre de 14 a 16h.&nbsp;<\/strong>El&nbsp;primer d\u00eda del servicio no habr\u00e1 salida de turno partido.&nbsp;<strong>Todo el alumnado saldr\u00e1 a partir de las 15:45h<\/strong><\/p>\n<p><strong>&nbsp; &nbsp; &nbsp; &nbsp; &nbsp; &nbsp; <\/strong>A la hora de recogida se le podr\u00e1 comunicar a las monitoras la opci\u00f3n de salida 1\u00ba turno o 2\u00ba turno.<\/p>\n<p>Reciban un cordial saludo<\/p>\n<p>La Direcci\u00f3n<\/p>\n<p><a href=\"https:\/\/blogsaverroes.juntadeandalucia.es\/hercan\/2024\/09\/05\/nota-informativa-sobre-entradas-y-salidas-del-centro\/entradas_salidas_centro\/\" rel=\"attachment wp-att-4157\">ENTRADAS_SALIDAS_CENTRO<\/a><\/p>\n<p>&nbsp;<\/p>\n<p>La Empresa del Servicio de Comedor informa que el horario de cada turno es el siguiente:<\/p>\n<ul>\n<li>El Turno 1 (15 h.) empieza a salir desde las 14:30 h. (Infantil 3 a\u00f1os) hasta las 14:45 h. aproximadamente (6\u00ba curso).<\/li>\n<li>El turno 2 (16 h.) empieza a salir desde las 15:30 h. (Infantil 3 a\u00f1os) hasta las 15:45 h. aproximadamente (6\u00ba curso).<\/li>\n<\/ul>\n<p>Se ruega paciencia a las familias durante la recogida en estos primeros d\u00edas, favoreciendo que el alumnado se adapte a la din\u00e1mica del comedor.<\/p>\n","protected":false},"excerpt":{"rendered":"<p>Estimadas familias: Adjuntamos la nota informativa del horario de entrada y salida&nbsp;al centro diaria, a partir del 11 de septiembre. Adem\u00e1s,&nbsp;SE INFORMA&nbsp;del horario y&#46;&#46;&#46;<\/p>\n","protected":false},"author":1447,"featured_media":671,"comment_status":"open","ping_status":"open","sticky":false,"template":"","format":"standard","meta":{"ngg_post_thumbnail":0,"footnotes":""},"categories":[11909],"tags":[1060448,1060450,1060449,1060497],"aioseo_notices":[],"_links":{"self":[{"href":"https:\/\/blogsaverroes.juntadeandalucia.es\/hercan\/wp-json\/wp\/v2\/posts\/4156"}],"collection":[{"href":"https:\/\/blogsaverroes.juntadeandalucia.es\/hercan\/wp-json\/wp\/v2\/posts"}],"about":[{"href":"https:\/\/blogsaverroes.juntadeandalucia.es\/hercan\/wp-json\/wp\/v2\/types\/post"}],"author":[{"embeddable":true,"href":"https:\/\/blogsaverroes.juntadeandalucia.es\/hercan\/wp-json\/wp\/v2\/users\/1447"}],"replies":[{"embeddable":true,"href":"https:\/\/blogsaverroes.juntadeandalucia.es\/hercan\/wp-json\/wp\/v2\/comments?post=4156"}],"version-history":[{"count":4,"href":"https:\/\/blogsaverroes.juntadeandalucia.es\/hercan\/wp-json\/wp\/v2\/posts\/4156\/revisions"}],"predecessor-version":[{"id":4161,"href":"https:\/\/blogsaverroes.juntadeandalucia.es\/hercan\/wp-json\/wp\/v2\/posts\/4156\/revisions\/4161"}],"wp:featuredmedia":[{"embeddable":true,"href":"https:\/\/blogsaverroes.juntadeandalucia.es\/hercan\/wp-json\/wp\/v2\/media\/671"}],"wp:attachment":[{"href":"https:\/\/blogsaverroes.juntadeandalucia.es\/hercan\/wp-json\/wp\/v2\/media?parent=4156"}],"wp:term":[{"taxonomy":"category","embeddable":true,"href":"https:\/\/blogsaverroes.juntadeandalucia.es\/hercan\/wp-json\/wp\/v2\/categories?post=4156"},{"taxonomy":"post_tag","embeddable":true,"href":"https:\/\/blogsaverroes.juntadeandalucia.es\/hercan\/wp-json\/wp\/v2\/tags?post=4156"}],"curies":[{"name":"wp","href":"https:\/\/api.w.org\/{rel}","templated":true}]}}