{"id":4172,"date":"2024-10-22T07:40:19","date_gmt":"2024-10-22T06:40:19","guid":{"rendered":"https:\/\/blogsaverroes.juntadeandalucia.es\/hercan\/?p=4172"},"modified":"2024-10-22T07:40:43","modified_gmt":"2024-10-22T06:40:43","slug":"entrevista-musico-militar","status":"publish","type":"post","link":"https:\/\/blogsaverroes.juntadeandalucia.es\/hercan\/2024\/10\/22\/entrevista-musico-militar\/","title":{"rendered":"ENTREVISTA M\u00daSICO MILITAR"},"content":{"rendered":"<p>Buenos d\u00edas familias.<\/p>\n<p>Con motivo de la celebraci\u00f3n del 12 de octubre, el alumnado de 6\u00ba realiz\u00f3 una entrevista a un m\u00fasico militar del Ej\u00e9rcito del Aire.<\/p>\n<p>Os dejamos algunas <a href=\"https:\/\/drive.google.com\/drive\/folders\/1xSE_z29nf3QxldvfNw8GkbzSX0DKQfZz?usp=sharing\"><strong>fotos<\/strong><\/a> de la actividad.<\/p>\n","protected":false},"excerpt":{"rendered":"<p>Buenos d\u00edas familias. Con motivo de la celebraci\u00f3n del 12 de octubre, el alumnado de 6\u00ba realiz\u00f3 una entrevista a un m\u00fasico militar del&#46;&#46;&#46;<\/p>\n","protected":false},"author":1447,"featured_media":4173,"comment_status":"open","ping_status":"open","sticky":false,"template":"","format":"standard","meta":{"ngg_post_thumbnail":0,"footnotes":""},"categories":[1060473],"tags":[1060655,1060442,1060657,1060656,1060559],"aioseo_notices":[],"_links":{"self":[{"href":"https:\/\/blogsaverroes.juntadeandalucia.es\/hercan\/wp-json\/wp\/v2\/posts\/4172"}],"collection":[{"href":"https:\/\/blogsaverroes.juntadeandalucia.es\/hercan\/wp-json\/wp\/v2\/posts"}],"about":[{"href":"https:\/\/blogsaverroes.juntadeandalucia.es\/hercan\/wp-json\/wp\/v2\/types\/post"}],"author":[{"embeddable":true,"href":"https:\/\/blogsaverroes.juntadeandalucia.es\/hercan\/wp-json\/wp\/v2\/users\/1447"}],"replies":[{"embeddable":true,"href":"https:\/\/blogsaverroes.juntadeandalucia.es\/hercan\/wp-json\/wp\/v2\/comments?post=4172"}],"version-history":[{"count":2,"href":"https:\/\/blogsaverroes.juntadeandalucia.es\/hercan\/wp-json\/wp\/v2\/posts\/4172\/revisions"}],"predecessor-version":[{"id":4175,"href":"https:\/\/blogsaverroes.juntadeandalucia.es\/hercan\/wp-json\/wp\/v2\/posts\/4172\/revisions\/4175"}],"wp:featuredmedia":[{"embeddable":true,"href":"https:\/\/blogsaverroes.juntadeandalucia.es\/hercan\/wp-json\/wp\/v2\/media\/4173"}],"wp:attachment":[{"href":"https:\/\/blogsaverroes.juntadeandalucia.es\/hercan\/wp-json\/wp\/v2\/media?parent=4172"}],"wp:term":[{"taxonomy":"category","embeddable":true,"href":"https:\/\/blogsaverroes.juntadeandalucia.es\/hercan\/wp-json\/wp\/v2\/categories?post=4172"},{"taxonomy":"post_tag","embeddable":true,"href":"https:\/\/blogsaverroes.juntadeandalucia.es\/hercan\/wp-json\/wp\/v2\/tags?post=4172"}],"curies":[{"name":"wp","href":"https:\/\/api.w.org\/{rel}","templated":true}]}}