{"id":4239,"date":"2024-11-27T10:32:36","date_gmt":"2024-11-27T09:32:36","guid":{"rendered":"https:\/\/blogsaverroes.juntadeandalucia.es\/hercan\/?p=4239"},"modified":"2024-11-27T10:32:36","modified_gmt":"2024-11-27T09:32:36","slug":"celebracion-dia-de-la-no-violencia-25-n","status":"publish","type":"post","link":"https:\/\/blogsaverroes.juntadeandalucia.es\/hercan\/2024\/11\/27\/celebracion-dia-de-la-no-violencia-25-n\/","title":{"rendered":"CELEBRACI\u00d3N D\u00cdA DE LA NO VIOLENCIA 25-N"},"content":{"rendered":"<p>Buenos d\u00edas familias.<\/p>\n<p>El pasado lunes 25 celebramos en el Centro el <a href=\"https:\/\/www.un.org\/es\/observances\/ending-violence-against-women-day#:~:text=D%C3%ADa%20Internacional%20de%20la%20Eliminaci%C3%B3n%20de%20la%20Violencia%20contra%20la%20Mujer%20ES&amp;text=Naciones%20Unidas\"><strong>D\u00eda Internacional de la Eliminaci\u00f3n de la Violencia contra la Mujer<\/strong><\/a> con un acto en el escenario bajo el t\u00edtulo \u00abSomos la cara amable del mundo\u00bb.<\/p>\n<p>Cantamos la canci\u00f3n de Rozalen \u00ab<a href=\"https:\/\/youtu.be\/Gk1uegsVpA0?feature=shared\"><strong>La cara amable del mundo<\/strong><\/a>\u00bb y expusimos el mural que se ha creado para la ocasi\u00f3n, con fotos de las caras sonrientes del alumnado del Centro. Adem\u00e1s, un grupo de alumnos y alumnas expusieron carteles alusivos a la Efem\u00e9ride con mensajes positivos.<\/p>\n<p>Os dejamos el acceso a una selecci\u00f3n de <a href=\"https:\/\/drive.google.com\/drive\/folders\/14yD3Vv69hZAX2V1bwSqKIYukByS2ahK5?usp=sharing\"><strong>fotos<\/strong><\/a> de la actividad. Recordad que es necesario utilizar una cuenta de correo corporativa (la de Classroom) de un alumno\/a matriculado en el Centro.<\/p>\n<p>Gracias.<\/p>\n","protected":false},"excerpt":{"rendered":"<p>Buenos d\u00edas familias. El pasado lunes 25 celebramos en el Centro el D\u00eda Internacional de la Eliminaci\u00f3n de la Violencia contra la Mujer con&#46;&#46;&#46;<\/p>\n","protected":false},"author":1447,"featured_media":4240,"comment_status":"open","ping_status":"open","sticky":false,"template":"","format":"standard","meta":{"ngg_post_thumbnail":0,"footnotes":""},"categories":[1060470,1060471,1060472,1060473],"tags":[1060442,1060430,1060475],"aioseo_notices":[],"_links":{"self":[{"href":"https:\/\/blogsaverroes.juntadeandalucia.es\/hercan\/wp-json\/wp\/v2\/posts\/4239"}],"collection":[{"href":"https:\/\/blogsaverroes.juntadeandalucia.es\/hercan\/wp-json\/wp\/v2\/posts"}],"about":[{"href":"https:\/\/blogsaverroes.juntadeandalucia.es\/hercan\/wp-json\/wp\/v2\/types\/post"}],"author":[{"embeddable":true,"href":"https:\/\/blogsaverroes.juntadeandalucia.es\/hercan\/wp-json\/wp\/v2\/users\/1447"}],"replies":[{"embeddable":true,"href":"https:\/\/blogsaverroes.juntadeandalucia.es\/hercan\/wp-json\/wp\/v2\/comments?post=4239"}],"version-history":[{"count":1,"href":"https:\/\/blogsaverroes.juntadeandalucia.es\/hercan\/wp-json\/wp\/v2\/posts\/4239\/revisions"}],"predecessor-version":[{"id":4241,"href":"https:\/\/blogsaverroes.juntadeandalucia.es\/hercan\/wp-json\/wp\/v2\/posts\/4239\/revisions\/4241"}],"wp:featuredmedia":[{"embeddable":true,"href":"https:\/\/blogsaverroes.juntadeandalucia.es\/hercan\/wp-json\/wp\/v2\/media\/4240"}],"wp:attachment":[{"href":"https:\/\/blogsaverroes.juntadeandalucia.es\/hercan\/wp-json\/wp\/v2\/media?parent=4239"}],"wp:term":[{"taxonomy":"category","embeddable":true,"href":"https:\/\/blogsaverroes.juntadeandalucia.es\/hercan\/wp-json\/wp\/v2\/categories?post=4239"},{"taxonomy":"post_tag","embeddable":true,"href":"https:\/\/blogsaverroes.juntadeandalucia.es\/hercan\/wp-json\/wp\/v2\/tags?post=4239"}],"curies":[{"name":"wp","href":"https:\/\/api.w.org\/{rel}","templated":true}]}}