{"id":4369,"date":"2025-05-12T10:53:48","date_gmt":"2025-05-12T09:53:48","guid":{"rendered":"https:\/\/blogsaverroes.juntadeandalucia.es\/hercan\/?p=4369"},"modified":"2025-05-12T10:53:49","modified_gmt":"2025-05-12T09:53:49","slug":"premio-a-la-biblioteca-del-centro","status":"publish","type":"post","link":"https:\/\/blogsaverroes.juntadeandalucia.es\/hercan\/2025\/05\/12\/premio-a-la-biblioteca-del-centro\/","title":{"rendered":"PREMIO A LA BIBLIOTECA DEL CENTRO"},"content":{"rendered":"<p>Buenos d\u00edas familias.<\/p>\n<p>El CEIP Hern\u00e1ndez C\u00e1novas ha ganado el Primer Premio en la Categor\u00eda de Infantil y Primaria a las Buenas Pr\u00e1cticas Escolares de la Junta de Andaluc\u00eda del a\u00f1o 2023, en su VI Edici\u00f3n.<\/p>\n<p>El pasado d\u00eda 23 de abril, coincidiendo con la celebraci\u00f3n del D\u00eda del Libro, una representaci\u00f3n del Equipo de Biblioteca acudi\u00f3 a C\u00f3rdoba a recibir el Galard\u00f3n.<\/p>\n<p>Nuestra Biblioteca @BIBLIOALAS ha sido reconocida por el papel clave en el fomento de la lectura y la diversi\u00f3n, as\u00ed como por ser una fuente de informaci\u00f3n fundamental para los estudiantes. El premio (dotado con 5000\u20ac) avala la contribuci\u00f3n al proceso de aprendizaje y la promoci\u00f3n de la lectura.<\/p>\n<p>El jurado ha reconocido que la Biblioteca del colegio es un recurso vital para el alumnado y para fomentar la lectura, tanto como una fuente de informaci\u00f3n como de entretenimiento.<\/p>\n<p>Enhorabuena a toda la Comunidad Educativa y, muy especialmente, al Equipo de Biblioteca por la labor realizada.<\/p>\n<p><a href=\"https:\/\/blogsaverroes.juntadeandalucia.es\/hercan\/2025\/05\/12\/premio-a-la-biblioteca-del-centro\/img-20250423-wa0008\/\" rel=\"attachment wp-att-4371\"><img loading=\"lazy\" decoding=\"async\" class=\"aligncenter size-medium wp-image-4371\" src=\"https:\/\/blogsaverroes.juntadeandalucia.es\/hercan\/files\/2025\/05\/IMG-20250423-WA0008-300x225.jpg\" alt=\"\" width=\"300\" height=\"225\" srcset=\"https:\/\/blogsaverroes.juntadeandalucia.es\/hercan\/files\/2025\/05\/IMG-20250423-WA0008-300x225.jpg 300w, https:\/\/blogsaverroes.juntadeandalucia.es\/hercan\/files\/2025\/05\/IMG-20250423-WA0008-1024x768.jpg 1024w, https:\/\/blogsaverroes.juntadeandalucia.es\/hercan\/files\/2025\/05\/IMG-20250423-WA0008-768x576.jpg 768w, https:\/\/blogsaverroes.juntadeandalucia.es\/hercan\/files\/2025\/05\/IMG-20250423-WA0008-1536x1152.jpg 1536w, https:\/\/blogsaverroes.juntadeandalucia.es\/hercan\/files\/2025\/05\/IMG-20250423-WA0008.jpg 1600w\" sizes=\"(max-width: 300px) 100vw, 300px\" \/><\/a> <a href=\"https:\/\/blogsaverroes.juntadeandalucia.es\/hercan\/2025\/05\/12\/premio-a-la-biblioteca-del-centro\/img-20250423-wa0012\/\" rel=\"attachment wp-att-4372\"><img loading=\"lazy\" decoding=\"async\" class=\"aligncenter size-medium wp-image-4372\" src=\"https:\/\/blogsaverroes.juntadeandalucia.es\/hercan\/files\/2025\/05\/IMG-20250423-WA0012-300x225.jpg\" alt=\"\" width=\"300\" height=\"225\" srcset=\"https:\/\/blogsaverroes.juntadeandalucia.es\/hercan\/files\/2025\/05\/IMG-20250423-WA0012-300x225.jpg 300w, https:\/\/blogsaverroes.juntadeandalucia.es\/hercan\/files\/2025\/05\/IMG-20250423-WA0012-1024x768.jpg 1024w, https:\/\/blogsaverroes.juntadeandalucia.es\/hercan\/files\/2025\/05\/IMG-20250423-WA0012-768x576.jpg 768w, https:\/\/blogsaverroes.juntadeandalucia.es\/hercan\/files\/2025\/05\/IMG-20250423-WA0012-1536x1152.jpg 1536w, https:\/\/blogsaverroes.juntadeandalucia.es\/hercan\/files\/2025\/05\/IMG-20250423-WA0012.jpg 1600w\" sizes=\"(max-width: 300px) 100vw, 300px\" \/><\/a> <a href=\"https:\/\/blogsaverroes.juntadeandalucia.es\/hercan\/2025\/05\/12\/premio-a-la-biblioteca-del-centro\/img-20250423-wa0013\/\" rel=\"attachment wp-att-4373\"><img loading=\"lazy\" decoding=\"async\" class=\"aligncenter size-medium wp-image-4373\" src=\"https:\/\/blogsaverroes.juntadeandalucia.es\/hercan\/files\/2025\/05\/IMG-20250423-WA0013-300x259.jpg\" alt=\"\" width=\"300\" height=\"259\" srcset=\"https:\/\/blogsaverroes.juntadeandalucia.es\/hercan\/files\/2025\/05\/IMG-20250423-WA0013-300x259.jpg 300w, https:\/\/blogsaverroes.juntadeandalucia.es\/hercan\/files\/2025\/05\/IMG-20250423-WA0013-1024x883.jpg 1024w, https:\/\/blogsaverroes.juntadeandalucia.es\/hercan\/files\/2025\/05\/IMG-20250423-WA0013-768x662.jpg 768w, https:\/\/blogsaverroes.juntadeandalucia.es\/hercan\/files\/2025\/05\/IMG-20250423-WA0013.jpg 1386w\" sizes=\"(max-width: 300px) 100vw, 300px\" \/><\/a><\/p>\n","protected":false},"excerpt":{"rendered":"<p>Buenos d\u00edas familias. El CEIP Hern\u00e1ndez C\u00e1novas ha ganado el Primer Premio en la Categor\u00eda de Infantil y Primaria a las Buenas Pr\u00e1cticas Escolares&#46;&#46;&#46;<\/p>\n","protected":false},"author":1447,"featured_media":4373,"comment_status":"open","ping_status":"open","sticky":false,"template":"","format":"standard","meta":{"ngg_post_thumbnail":0,"footnotes":""},"categories":[11909],"tags":[1060513,1060603,1060430,1060675],"aioseo_notices":[],"_links":{"self":[{"href":"https:\/\/blogsaverroes.juntadeandalucia.es\/hercan\/wp-json\/wp\/v2\/posts\/4369"}],"collection":[{"href":"https:\/\/blogsaverroes.juntadeandalucia.es\/hercan\/wp-json\/wp\/v2\/posts"}],"about":[{"href":"https:\/\/blogsaverroes.juntadeandalucia.es\/hercan\/wp-json\/wp\/v2\/types\/post"}],"author":[{"embeddable":true,"href":"https:\/\/blogsaverroes.juntadeandalucia.es\/hercan\/wp-json\/wp\/v2\/users\/1447"}],"replies":[{"embeddable":true,"href":"https:\/\/blogsaverroes.juntadeandalucia.es\/hercan\/wp-json\/wp\/v2\/comments?post=4369"}],"version-history":[{"count":3,"href":"https:\/\/blogsaverroes.juntadeandalucia.es\/hercan\/wp-json\/wp\/v2\/posts\/4369\/revisions"}],"predecessor-version":[{"id":4375,"href":"https:\/\/blogsaverroes.juntadeandalucia.es\/hercan\/wp-json\/wp\/v2\/posts\/4369\/revisions\/4375"}],"wp:featuredmedia":[{"embeddable":true,"href":"https:\/\/blogsaverroes.juntadeandalucia.es\/hercan\/wp-json\/wp\/v2\/media\/4373"}],"wp:attachment":[{"href":"https:\/\/blogsaverroes.juntadeandalucia.es\/hercan\/wp-json\/wp\/v2\/media?parent=4369"}],"wp:term":[{"taxonomy":"category","embeddable":true,"href":"https:\/\/blogsaverroes.juntadeandalucia.es\/hercan\/wp-json\/wp\/v2\/categories?post=4369"},{"taxonomy":"post_tag","embeddable":true,"href":"https:\/\/blogsaverroes.juntadeandalucia.es\/hercan\/wp-json\/wp\/v2\/tags?post=4369"}],"curies":[{"name":"wp","href":"https:\/\/api.w.org\/{rel}","templated":true}]}}