{"id":4398,"date":"2025-06-02T07:38:45","date_gmt":"2025-06-02T06:38:45","guid":{"rendered":"https:\/\/blogsaverroes.juntadeandalucia.es\/hercan\/?p=4398"},"modified":"2025-06-02T07:38:45","modified_gmt":"2025-06-02T06:38:45","slug":"matriculacion-curso-2025-2026","status":"publish","type":"post","link":"https:\/\/blogsaverroes.juntadeandalucia.es\/hercan\/2025\/06\/02\/matriculacion-curso-2025-2026\/","title":{"rendered":"MATRICULACI\u00d3N CURSO 2025\/2026"},"content":{"rendered":"<p>Buenos d\u00edas familias.<\/p>\n<p>Informamos que desde el <strong>1 al 9 de junio<\/strong> est\u00e1 abierto el plazo de renovaci\u00f3n de <strong>matr\u00edcula<\/strong> y de nueva incorporaci\u00f3n.<\/p>\n<p>Adem\u00e1s, del <strong>1 al 10 de junio<\/strong>, pueden solicitar los <strong>servicios complementarios<\/strong> de Aula Matinal, Comedor y\/o Actividades Extraescolares. Las <u>bonificaciones se solicitar\u00e1n del 1 al 8 de septiembre<\/u>.<\/p>\n<p><u>Se priorizar\u00e1 la matriculaci\u00f3n v\u00eda telem\u00e1tica<\/u> ya que simplifica el trabajo tanto a la administraci\u00f3n como a las familias. En Secretar\u00eda se recibir\u00e1n solicitudes en papel de aquellas familias con dificultades para la tramitaci\u00f3n telem\u00e1tica.<\/p>\n<p>Se ruega lean el documento <strong>instrucciones de matr\u00edcula 25-26<\/strong> antes de cumplimentar la matr\u00edcula.<\/p>\n<p>M\u00e1s abajo se adjuntan documentos informativos sobre el proceso y las matr\u00edculas de Infantil y Primaria.<\/p>\n<p>La reuni\u00f3n de acogida para las familias de 3 a\u00f1os ser\u00e1 el mi\u00e9rcoles 25 de junio a las 10:00 en el gimnasio del centro.<\/p>\n<p>&nbsp;<\/p>\n<p>Atentamente.<\/p>\n<p>La Direcci\u00f3n.<\/p>\n<p><a href=\"https:\/\/blogsaverroes.juntadeandalucia.es\/hercan\/2025\/06\/02\/matriculacion-curso-2025-2026\/instalacion-y-uso-de-la-plataforma-ipasen\/\" rel=\"attachment wp-att-4399\">Instalaci\u00f3n y uso de la plataforma iPASEN<\/a><\/p>\n<p><a href=\"https:\/\/blogsaverroes.juntadeandalucia.es\/hercan\/2025\/06\/02\/matriculacion-curso-2025-2026\/instrucciones_matricula-25-26\/\" rel=\"attachment wp-att-4400\">Instrucciones_matr\u00edcula 25-26<\/a><\/p>\n<p><a href=\"https:\/\/blogsaverroes.juntadeandalucia.es\/hercan\/2025\/06\/02\/matriculacion-curso-2025-2026\/matricula-de-infantil-y-documentacion\/\" rel=\"attachment wp-att-4401\">Matr\u00edcula de Infantil y documentaci\u00f3n<\/a><\/p>\n<p><a href=\"https:\/\/blogsaverroes.juntadeandalucia.es\/hercan\/2025\/06\/02\/matriculacion-curso-2025-2026\/matricula-de-primaria-y-documentacion\/\" rel=\"attachment wp-att-4402\">Matr\u00edcula de Primaria y documentaci\u00f3n<\/a><\/p>\n<p><a href=\"https:\/\/blogsaverroes.juntadeandalucia.es\/hercan\/2025\/06\/02\/matriculacion-curso-2025-2026\/precio-servicios-complementarios\/\" rel=\"attachment wp-att-4403\">Precio servicios complementarios<\/a><\/p>\n<p><a href=\"https:\/\/blogsaverroes.juntadeandalucia.es\/hercan\/2025\/06\/02\/matriculacion-curso-2025-2026\/solicitud-de-servicios-complementarios\/\" rel=\"attachment wp-att-4404\">Solicitud de servicios complementarios<\/a><\/p>\n<p><a href=\"https:\/\/blogsaverroes.juntadeandalucia.es\/hercan\/2025\/06\/02\/matriculacion-curso-2025-2026\/reunion-bienvenida-infantil-3-anos\/\" rel=\"attachment wp-att-4406\">Reuni\u00f3n Bienvenida Infantil 3 a\u00f1os<\/a><\/p>\n","protected":false},"excerpt":{"rendered":"<p>Buenos d\u00edas familias. Informamos que desde el 1 al 9 de junio est\u00e1 abierto el plazo de renovaci\u00f3n de matr\u00edcula y de nueva incorporaci\u00f3n.&#46;&#46;&#46;<\/p>\n","protected":false},"author":1447,"featured_media":4131,"comment_status":"open","ping_status":"open","sticky":false,"template":"","format":"standard","meta":{"ngg_post_thumbnail":0,"footnotes":""},"categories":[11909],"tags":[1060448,1060450,1060449,1060486],"aioseo_notices":[],"_links":{"self":[{"href":"https:\/\/blogsaverroes.juntadeandalucia.es\/hercan\/wp-json\/wp\/v2\/posts\/4398"}],"collection":[{"href":"https:\/\/blogsaverroes.juntadeandalucia.es\/hercan\/wp-json\/wp\/v2\/posts"}],"about":[{"href":"https:\/\/blogsaverroes.juntadeandalucia.es\/hercan\/wp-json\/wp\/v2\/types\/post"}],"author":[{"embeddable":true,"href":"https:\/\/blogsaverroes.juntadeandalucia.es\/hercan\/wp-json\/wp\/v2\/users\/1447"}],"replies":[{"embeddable":true,"href":"https:\/\/blogsaverroes.juntadeandalucia.es\/hercan\/wp-json\/wp\/v2\/comments?post=4398"}],"version-history":[{"count":2,"href":"https:\/\/blogsaverroes.juntadeandalucia.es\/hercan\/wp-json\/wp\/v2\/posts\/4398\/revisions"}],"predecessor-version":[{"id":4408,"href":"https:\/\/blogsaverroes.juntadeandalucia.es\/hercan\/wp-json\/wp\/v2\/posts\/4398\/revisions\/4408"}],"wp:featuredmedia":[{"embeddable":true,"href":"https:\/\/blogsaverroes.juntadeandalucia.es\/hercan\/wp-json\/wp\/v2\/media\/4131"}],"wp:attachment":[{"href":"https:\/\/blogsaverroes.juntadeandalucia.es\/hercan\/wp-json\/wp\/v2\/media?parent=4398"}],"wp:term":[{"taxonomy":"category","embeddable":true,"href":"https:\/\/blogsaverroes.juntadeandalucia.es\/hercan\/wp-json\/wp\/v2\/categories?post=4398"},{"taxonomy":"post_tag","embeddable":true,"href":"https:\/\/blogsaverroes.juntadeandalucia.es\/hercan\/wp-json\/wp\/v2\/tags?post=4398"}],"curies":[{"name":"wp","href":"https:\/\/api.w.org\/{rel}","templated":true}]}}