{"id":4479,"date":"2025-11-11T09:55:27","date_gmt":"2025-11-11T08:55:27","guid":{"rendered":"https:\/\/blogsaverroes.juntadeandalucia.es\/hercan\/?p=4479"},"modified":"2025-11-11T09:55:28","modified_gmt":"2025-11-11T08:55:28","slug":"pleno-municipal-infantil","status":"publish","type":"post","link":"https:\/\/blogsaverroes.juntadeandalucia.es\/hercan\/2025\/11\/11\/pleno-municipal-infantil\/","title":{"rendered":"PLENO MUNICIPAL INFANTIL"},"content":{"rendered":"<p>Buenos d\u00edas familias.<\/p>\n<p>Dos alumnos de 6\u00ba de nuestro Centro han sido seleccionados para participar como Concejales en el pr\u00f3ximo Pleno Municipal Infantil que tendr\u00e1 lugar el mi\u00e9rcoles 19 de noviembre, a las 17 h., en el Sal\u00f3n de Plenos del Ayuntamiento de M\u00e1laga.<\/p>\n<p>Dicho Pleno ser\u00e1 retransmitido en directo a trav\u00e9s de la p\u00e1gina web del Ayuntamiento.<\/p>\n<p>\u00a1Enhorabuena!<\/p>\n<p><a href=\"https:\/\/blogsaverroes.juntadeandalucia.es\/hercan\/2025\/11\/11\/pleno-municipal-infantil\/img-20251110-wa0004\/\" rel=\"attachment wp-att-4481\"><img loading=\"lazy\" decoding=\"async\" class=\"wp-image-4481 alignleft\" src=\"https:\/\/blogsaverroes.juntadeandalucia.es\/hercan\/files\/2025\/11\/IMG-20251110-WA0004-300x182.jpg\" alt=\"\" width=\"583\" height=\"354\" srcset=\"https:\/\/blogsaverroes.juntadeandalucia.es\/hercan\/files\/2025\/11\/IMG-20251110-WA0004-300x182.jpg 300w, https:\/\/blogsaverroes.juntadeandalucia.es\/hercan\/files\/2025\/11\/IMG-20251110-WA0004-1024x621.jpg 1024w, https:\/\/blogsaverroes.juntadeandalucia.es\/hercan\/files\/2025\/11\/IMG-20251110-WA0004-768x466.jpg 768w, https:\/\/blogsaverroes.juntadeandalucia.es\/hercan\/files\/2025\/11\/IMG-20251110-WA0004.jpg 1264w\" sizes=\"(max-width: 583px) 100vw, 583px\" \/><\/a><\/p>\n","protected":false},"excerpt":{"rendered":"<p>Buenos d\u00edas familias. Dos alumnos de 6\u00ba de nuestro Centro han sido seleccionados para participar como Concejales en el pr\u00f3ximo Pleno Municipal Infantil que&#46;&#46;&#46;<\/p>\n","protected":false},"author":1447,"featured_media":4480,"comment_status":"open","ping_status":"open","sticky":false,"template":"","format":"standard","meta":{"ngg_post_thumbnail":0,"footnotes":""},"categories":[1060473],"tags":[1060442,1060628,1060689,1060440],"aioseo_notices":[],"_links":{"self":[{"href":"https:\/\/blogsaverroes.juntadeandalucia.es\/hercan\/wp-json\/wp\/v2\/posts\/4479"}],"collection":[{"href":"https:\/\/blogsaverroes.juntadeandalucia.es\/hercan\/wp-json\/wp\/v2\/posts"}],"about":[{"href":"https:\/\/blogsaverroes.juntadeandalucia.es\/hercan\/wp-json\/wp\/v2\/types\/post"}],"author":[{"embeddable":true,"href":"https:\/\/blogsaverroes.juntadeandalucia.es\/hercan\/wp-json\/wp\/v2\/users\/1447"}],"replies":[{"embeddable":true,"href":"https:\/\/blogsaverroes.juntadeandalucia.es\/hercan\/wp-json\/wp\/v2\/comments?post=4479"}],"version-history":[{"count":2,"href":"https:\/\/blogsaverroes.juntadeandalucia.es\/hercan\/wp-json\/wp\/v2\/posts\/4479\/revisions"}],"predecessor-version":[{"id":4483,"href":"https:\/\/blogsaverroes.juntadeandalucia.es\/hercan\/wp-json\/wp\/v2\/posts\/4479\/revisions\/4483"}],"wp:featuredmedia":[{"embeddable":true,"href":"https:\/\/blogsaverroes.juntadeandalucia.es\/hercan\/wp-json\/wp\/v2\/media\/4480"}],"wp:attachment":[{"href":"https:\/\/blogsaverroes.juntadeandalucia.es\/hercan\/wp-json\/wp\/v2\/media?parent=4479"}],"wp:term":[{"taxonomy":"category","embeddable":true,"href":"https:\/\/blogsaverroes.juntadeandalucia.es\/hercan\/wp-json\/wp\/v2\/categories?post=4479"},{"taxonomy":"post_tag","embeddable":true,"href":"https:\/\/blogsaverroes.juntadeandalucia.es\/hercan\/wp-json\/wp\/v2\/tags?post=4479"}],"curies":[{"name":"wp","href":"https:\/\/api.w.org\/{rel}","templated":true}]}}