{"id":4486,"date":"2025-11-24T09:52:27","date_gmt":"2025-11-24T08:52:27","guid":{"rendered":"https:\/\/blogsaverroes.juntadeandalucia.es\/hercan\/?p=4486"},"modified":"2025-11-24T09:52:27","modified_gmt":"2025-11-24T08:52:27","slug":"jornada-de-convivencia","status":"publish","type":"post","link":"https:\/\/blogsaverroes.juntadeandalucia.es\/hercan\/2025\/11\/24\/jornada-de-convivencia\/","title":{"rendered":"JORNADA DE CONVIVENCIA"},"content":{"rendered":"<p>Buenos d\u00edas familias.<\/p>\n<p>El pr\u00f3ximo viernes <strong>12 de diciembre<\/strong> <a href=\"https:\/\/www.instagram.com\/ampa_arcoiris\/\"><strong>AMPA&nbsp; ARCOIRIS<\/strong><\/a> organizar\u00e1 una <strong>Jornada de Convivencia<\/strong> en nuestro Centro con muchas actividades navide\u00f1as y musicales.<\/p>\n<p>Habr\u00e1 churros, palomitas y bebidas para todos.<\/p>\n<p>Los precios son de 1,50 \u20ac para socios de AMPA y 2\u20ac para no socios. Los ni\u00f1os y ni\u00f1as de hasta 12 a\u00f1os entran gratis.<\/p>\n<p>\u00a1Animaos!<\/p>\n<p><a href=\"https:\/\/blogsaverroes.juntadeandalucia.es\/hercan\/2025\/11\/24\/jornada-de-convivencia\/ampa-convivencia\/\" rel=\"attachment wp-att-4487\"><img loading=\"lazy\" decoding=\"async\" class=\"aligncenter size-medium wp-image-4487\" src=\"https:\/\/blogsaverroes.juntadeandalucia.es\/hercan\/files\/2025\/11\/AMPA-CONVIVENCIA-300x221.jpg\" alt=\"\" width=\"300\" height=\"221\" srcset=\"https:\/\/blogsaverroes.juntadeandalucia.es\/hercan\/files\/2025\/11\/AMPA-CONVIVENCIA-300x221.jpg 300w, https:\/\/blogsaverroes.juntadeandalucia.es\/hercan\/files\/2025\/11\/AMPA-CONVIVENCIA-1024x753.jpg 1024w, https:\/\/blogsaverroes.juntadeandalucia.es\/hercan\/files\/2025\/11\/AMPA-CONVIVENCIA-768x565.jpg 768w, https:\/\/blogsaverroes.juntadeandalucia.es\/hercan\/files\/2025\/11\/AMPA-CONVIVENCIA.jpg 1179w\" sizes=\"(max-width: 300px) 100vw, 300px\" \/><\/a><\/p>\n","protected":false},"excerpt":{"rendered":"<p>Buenos d\u00edas familias. El pr\u00f3ximo viernes 12 de diciembre AMPA&nbsp; ARCOIRIS organizar\u00e1 una Jornada de Convivencia en nuestro Centro con muchas actividades navide\u00f1as y&#46;&#46;&#46;<\/p>\n","protected":false},"author":1447,"featured_media":4487,"comment_status":"open","ping_status":"open","sticky":false,"template":"","format":"standard","meta":{"ngg_post_thumbnail":0,"footnotes":""},"categories":[11909],"tags":[1060442,1060444,1060430,1060445,1060465],"aioseo_notices":[],"_links":{"self":[{"href":"https:\/\/blogsaverroes.juntadeandalucia.es\/hercan\/wp-json\/wp\/v2\/posts\/4486"}],"collection":[{"href":"https:\/\/blogsaverroes.juntadeandalucia.es\/hercan\/wp-json\/wp\/v2\/posts"}],"about":[{"href":"https:\/\/blogsaverroes.juntadeandalucia.es\/hercan\/wp-json\/wp\/v2\/types\/post"}],"author":[{"embeddable":true,"href":"https:\/\/blogsaverroes.juntadeandalucia.es\/hercan\/wp-json\/wp\/v2\/users\/1447"}],"replies":[{"embeddable":true,"href":"https:\/\/blogsaverroes.juntadeandalucia.es\/hercan\/wp-json\/wp\/v2\/comments?post=4486"}],"version-history":[{"count":2,"href":"https:\/\/blogsaverroes.juntadeandalucia.es\/hercan\/wp-json\/wp\/v2\/posts\/4486\/revisions"}],"predecessor-version":[{"id":4489,"href":"https:\/\/blogsaverroes.juntadeandalucia.es\/hercan\/wp-json\/wp\/v2\/posts\/4486\/revisions\/4489"}],"wp:featuredmedia":[{"embeddable":true,"href":"https:\/\/blogsaverroes.juntadeandalucia.es\/hercan\/wp-json\/wp\/v2\/media\/4487"}],"wp:attachment":[{"href":"https:\/\/blogsaverroes.juntadeandalucia.es\/hercan\/wp-json\/wp\/v2\/media?parent=4486"}],"wp:term":[{"taxonomy":"category","embeddable":true,"href":"https:\/\/blogsaverroes.juntadeandalucia.es\/hercan\/wp-json\/wp\/v2\/categories?post=4486"},{"taxonomy":"post_tag","embeddable":true,"href":"https:\/\/blogsaverroes.juntadeandalucia.es\/hercan\/wp-json\/wp\/v2\/tags?post=4486"}],"curies":[{"name":"wp","href":"https:\/\/api.w.org\/{rel}","templated":true}]}}