{"id":4498,"date":"2025-12-15T11:23:00","date_gmt":"2025-12-15T10:23:00","guid":{"rendered":"https:\/\/blogsaverroes.juntadeandalucia.es\/hercan\/?p=4498"},"modified":"2025-12-15T11:23:00","modified_gmt":"2025-12-15T10:23:00","slug":"25-n-dia-de-la-no-violencia-5","status":"publish","type":"post","link":"https:\/\/blogsaverroes.juntadeandalucia.es\/hercan\/2025\/12\/15\/25-n-dia-de-la-no-violencia-5\/","title":{"rendered":"25-N D\u00cdA DE LA NO VIOLENCIA."},"content":{"rendered":"<p>Buenos d\u00edas familias.<\/p>\n<p>El pasado 25 de noviembre celebramos en el cole el D\u00eda de la No Violencia con un peque\u00f1o acto en el escenario en el que, representantes de cada nivel, leyeron mensajes positivos y de apoyo a las personas que sufren violencia.<\/p>\n<p>Os dejamos unas <a href=\"https:\/\/drive.google.com\/drive\/folders\/1lC1E0WhIANrKkKk3DZ28FW0ZYaUfhx-6?usp=sharing\"><strong>fotos de la actividad<\/strong><\/a> y del mural que se confeccion\u00f3 con todos los mensajes preparados.<\/p>\n","protected":false},"excerpt":{"rendered":"<p>Buenos d\u00edas familias. El pasado 25 de noviembre celebramos en el cole el D\u00eda de la No Violencia con un peque\u00f1o acto en el&#46;&#46;&#46;<\/p>\n","protected":false},"author":1447,"featured_media":4499,"comment_status":"open","ping_status":"open","sticky":false,"template":"","format":"standard","meta":{"ngg_post_thumbnail":0,"footnotes":""},"categories":[1060470,1060471,1060472,1060473],"tags":[1060693,1060442,1060430,1060474,1060475],"aioseo_notices":[],"_links":{"self":[{"href":"https:\/\/blogsaverroes.juntadeandalucia.es\/hercan\/wp-json\/wp\/v2\/posts\/4498"}],"collection":[{"href":"https:\/\/blogsaverroes.juntadeandalucia.es\/hercan\/wp-json\/wp\/v2\/posts"}],"about":[{"href":"https:\/\/blogsaverroes.juntadeandalucia.es\/hercan\/wp-json\/wp\/v2\/types\/post"}],"author":[{"embeddable":true,"href":"https:\/\/blogsaverroes.juntadeandalucia.es\/hercan\/wp-json\/wp\/v2\/users\/1447"}],"replies":[{"embeddable":true,"href":"https:\/\/blogsaverroes.juntadeandalucia.es\/hercan\/wp-json\/wp\/v2\/comments?post=4498"}],"version-history":[{"count":1,"href":"https:\/\/blogsaverroes.juntadeandalucia.es\/hercan\/wp-json\/wp\/v2\/posts\/4498\/revisions"}],"predecessor-version":[{"id":4500,"href":"https:\/\/blogsaverroes.juntadeandalucia.es\/hercan\/wp-json\/wp\/v2\/posts\/4498\/revisions\/4500"}],"wp:featuredmedia":[{"embeddable":true,"href":"https:\/\/blogsaverroes.juntadeandalucia.es\/hercan\/wp-json\/wp\/v2\/media\/4499"}],"wp:attachment":[{"href":"https:\/\/blogsaverroes.juntadeandalucia.es\/hercan\/wp-json\/wp\/v2\/media?parent=4498"}],"wp:term":[{"taxonomy":"category","embeddable":true,"href":"https:\/\/blogsaverroes.juntadeandalucia.es\/hercan\/wp-json\/wp\/v2\/categories?post=4498"},{"taxonomy":"post_tag","embeddable":true,"href":"https:\/\/blogsaverroes.juntadeandalucia.es\/hercan\/wp-json\/wp\/v2\/tags?post=4498"}],"curies":[{"name":"wp","href":"https:\/\/api.w.org\/{rel}","templated":true}]}}