{"id":4504,"date":"2025-12-15T11:49:28","date_gmt":"2025-12-15T10:49:28","guid":{"rendered":"https:\/\/blogsaverroes.juntadeandalucia.es\/hercan\/?p=4504"},"modified":"2025-12-15T11:49:28","modified_gmt":"2025-12-15T10:49:28","slug":"llega-la-navidad-al-cole","status":"publish","type":"post","link":"https:\/\/blogsaverroes.juntadeandalucia.es\/hercan\/2025\/12\/15\/llega-la-navidad-al-cole\/","title":{"rendered":"LLEGA LA NAVIDAD AL COLE"},"content":{"rendered":"<p>Buenos d\u00edas familias.<\/p>\n<p>Llega la Navidad al Cole y todos los pasillos, puertas y clases del centro se han engalanado para la ocasi\u00f3n.&nbsp;<\/p>\n<p>Tenemos un Poblado Navide\u00f1o en Infantil, un Mu\u00f1eco de Nieve junto a la sede de AMPA, nuestro \u00c1rbol de Navidad junto al Bel\u00e9n y muchas cosas m\u00e1s repartidas por todo el centro.<\/p>\n<p>Os dejamos las fotos de todas las decoraciones.<\/p>\nngg_shortcode_0_placeholder\n","protected":false},"excerpt":{"rendered":"<p>Buenos d\u00edas familias. Llega la Navidad al Cole y todos los pasillos, puertas y clases del centro se han engalanado para la ocasi\u00f3n.&nbsp; Tenemos&#46;&#46;&#46;<\/p>\n","protected":false},"author":1447,"featured_media":4527,"comment_status":"open","ping_status":"open","sticky":false,"template":"","format":"standard","meta":{"ngg_post_thumbnail":0,"footnotes":""},"categories":[11909],"tags":[1060442,1060430,1060465],"aioseo_notices":[],"_links":{"self":[{"href":"https:\/\/blogsaverroes.juntadeandalucia.es\/hercan\/wp-json\/wp\/v2\/posts\/4504"}],"collection":[{"href":"https:\/\/blogsaverroes.juntadeandalucia.es\/hercan\/wp-json\/wp\/v2\/posts"}],"about":[{"href":"https:\/\/blogsaverroes.juntadeandalucia.es\/hercan\/wp-json\/wp\/v2\/types\/post"}],"author":[{"embeddable":true,"href":"https:\/\/blogsaverroes.juntadeandalucia.es\/hercan\/wp-json\/wp\/v2\/users\/1447"}],"replies":[{"embeddable":true,"href":"https:\/\/blogsaverroes.juntadeandalucia.es\/hercan\/wp-json\/wp\/v2\/comments?post=4504"}],"version-history":[{"count":1,"href":"https:\/\/blogsaverroes.juntadeandalucia.es\/hercan\/wp-json\/wp\/v2\/posts\/4504\/revisions"}],"predecessor-version":[{"id":4528,"href":"https:\/\/blogsaverroes.juntadeandalucia.es\/hercan\/wp-json\/wp\/v2\/posts\/4504\/revisions\/4528"}],"wp:featuredmedia":[{"embeddable":true,"href":"https:\/\/blogsaverroes.juntadeandalucia.es\/hercan\/wp-json\/wp\/v2\/media\/4527"}],"wp:attachment":[{"href":"https:\/\/blogsaverroes.juntadeandalucia.es\/hercan\/wp-json\/wp\/v2\/media?parent=4504"}],"wp:term":[{"taxonomy":"category","embeddable":true,"href":"https:\/\/blogsaverroes.juntadeandalucia.es\/hercan\/wp-json\/wp\/v2\/categories?post=4504"},{"taxonomy":"post_tag","embeddable":true,"href":"https:\/\/blogsaverroes.juntadeandalucia.es\/hercan\/wp-json\/wp\/v2\/tags?post=4504"}],"curies":[{"name":"wp","href":"https:\/\/api.w.org\/{rel}","templated":true}]}}