{"id":726,"date":"2020-10-22T09:44:57","date_gmt":"2020-10-22T08:44:57","guid":{"rendered":"https:\/\/blogsaverroes.juntadeandalucia.es\/hercan\/?p=726"},"modified":"2021-01-07T10:56:24","modified_gmt":"2021-01-07T09:56:24","slug":"1492-un-nuevo-mundo","status":"publish","type":"post","link":"https:\/\/blogsaverroes.juntadeandalucia.es\/hercan\/2020\/10\/22\/1492-un-nuevo-mundo\/","title":{"rendered":"1492 &#8211; UN NUEVO MUNDO"},"content":{"rendered":"<p>Buenos d\u00edas familias.<\/p>\n<p>Durante los primeros d\u00edas del mes hemos conmemorado en el Centro la fecha del 12 de octubre, \u00abpara promover el conocimiento y la reflexi\u00f3n en torno a la participaci\u00f3n de Andaluc\u00eda y del conjunto de Espa\u00f1a en el descubrimiento de Am\u00e9rica y de otros hitos hist\u00f3ricos posteriores, como la circunnavegaci\u00f3n de la Tierra, y la aportaci\u00f3n que ello ha supuesto a la historia, profundizando nuestras relaciones de convivencia con la comunidad de pa\u00edses Hispanoamericanos y en el conjunto del continente americano\u00bb (Instrucci\u00f3n de 24 de septiembre de 2019).<\/p>\n<p>Cada Ciclo ha realizado actividades diversas como el visionado de v\u00eddeos, la realizaci\u00f3n de fichas tem\u00e1ticas, estudio de los viajes de Col\u00f3n a Am\u00e9rica y cuestionarios sobre los contenidos trabajados.<\/p>\n","protected":false},"excerpt":{"rendered":"<p>Buenos d\u00edas familias. Durante los primeros d\u00edas del mes hemos conmemorado en el Centro la fecha del 12 de octubre, \u00abpara promover el conocimiento&#46;&#46;&#46;<\/p>\n","protected":false},"author":1447,"featured_media":727,"comment_status":"open","ping_status":"open","sticky":false,"template":"","format":"standard","meta":{"ngg_post_thumbnail":0,"footnotes":""},"categories":[1060470,1060471,1060472,1060473],"tags":[1060443,1060442,1060430],"aioseo_notices":[],"_links":{"self":[{"href":"https:\/\/blogsaverroes.juntadeandalucia.es\/hercan\/wp-json\/wp\/v2\/posts\/726"}],"collection":[{"href":"https:\/\/blogsaverroes.juntadeandalucia.es\/hercan\/wp-json\/wp\/v2\/posts"}],"about":[{"href":"https:\/\/blogsaverroes.juntadeandalucia.es\/hercan\/wp-json\/wp\/v2\/types\/post"}],"author":[{"embeddable":true,"href":"https:\/\/blogsaverroes.juntadeandalucia.es\/hercan\/wp-json\/wp\/v2\/users\/1447"}],"replies":[{"embeddable":true,"href":"https:\/\/blogsaverroes.juntadeandalucia.es\/hercan\/wp-json\/wp\/v2\/comments?post=726"}],"version-history":[{"count":1,"href":"https:\/\/blogsaverroes.juntadeandalucia.es\/hercan\/wp-json\/wp\/v2\/posts\/726\/revisions"}],"predecessor-version":[{"id":728,"href":"https:\/\/blogsaverroes.juntadeandalucia.es\/hercan\/wp-json\/wp\/v2\/posts\/726\/revisions\/728"}],"wp:featuredmedia":[{"embeddable":true,"href":"https:\/\/blogsaverroes.juntadeandalucia.es\/hercan\/wp-json\/wp\/v2\/media\/727"}],"wp:attachment":[{"href":"https:\/\/blogsaverroes.juntadeandalucia.es\/hercan\/wp-json\/wp\/v2\/media?parent=726"}],"wp:term":[{"taxonomy":"category","embeddable":true,"href":"https:\/\/blogsaverroes.juntadeandalucia.es\/hercan\/wp-json\/wp\/v2\/categories?post=726"},{"taxonomy":"post_tag","embeddable":true,"href":"https:\/\/blogsaverroes.juntadeandalucia.es\/hercan\/wp-json\/wp\/v2\/tags?post=726"}],"curies":[{"name":"wp","href":"https:\/\/api.w.org\/{rel}","templated":true}]}}