{"id":980,"date":"2020-12-23T17:20:54","date_gmt":"2020-12-23T16:20:54","guid":{"rendered":"https:\/\/blogsaverroes.juntadeandalucia.es\/hercan\/?p=980"},"modified":"2020-12-28T17:09:42","modified_gmt":"2020-12-28T16:09:42","slug":"ganadores-concurso-de-combas","status":"publish","type":"post","link":"https:\/\/blogsaverroes.juntadeandalucia.es\/hercan\/2020\/12\/23\/ganadores-concurso-de-combas\/","title":{"rendered":"GANADORES CONCURSO DE COMBAS"},"content":{"rendered":"<p>Buenas tardes familias.<\/p>\n<p>Ya tenemos vencedores del concurso de combas celebrado en estos d\u00edas de diciembre en el recreo del Cole.<\/p>\n<p>En la categor\u00eda de 3\u00ba el vencedor ha sido Christian Olea.<\/p>\n<p>En la categor\u00eda de 4\u00ba la vencedora ha sido Alicia Jaime.<\/p>\n<p>En la categor\u00eda de 5\u00ba la vencedora ha sido Sara JIm\u00e9nez.<\/p>\n<p>En la categor\u00eda de 6\u00ba la vencedora ha sido Ainhoa Garc\u00eda.<\/p>\n<p>Desde el \u00e1rea de Educaci\u00f3n F\u00edsica queremos agradecer al profe Alfonso su iniciativa y al alumnado de 2\u00ba y 3\u00ba Ciclo sus ganas de participar y pasar un rato divertido saltando a la comba.<\/p>\n<p>Muchas gracias a todos y Felices Fiestas.<\/p>\n<p><a href=\"https:\/\/blogsaverroes.juntadeandalucia.es\/hercan\/2020\/12\/23\/ganadores-concurso-de-combas\/img_4304\/\" rel=\"attachment wp-att-981\"><img loading=\"lazy\" decoding=\"async\" class=\"aligncenter size-medium wp-image-981\" src=\"https:\/\/blogsaverroes.juntadeandalucia.es\/hercan\/files\/2020\/12\/IMG_4304-225x300.jpeg\" alt=\"\" width=\"225\" height=\"300\" srcset=\"https:\/\/blogsaverroes.juntadeandalucia.es\/hercan\/files\/2020\/12\/IMG_4304-225x300.jpeg 225w, https:\/\/blogsaverroes.juntadeandalucia.es\/hercan\/files\/2020\/12\/IMG_4304-768x1024.jpeg 768w, https:\/\/blogsaverroes.juntadeandalucia.es\/hercan\/files\/2020\/12\/IMG_4304-1152x1536.jpeg 1152w, https:\/\/blogsaverroes.juntadeandalucia.es\/hercan\/files\/2020\/12\/IMG_4304-1536x2048.jpeg 1536w, https:\/\/blogsaverroes.juntadeandalucia.es\/hercan\/files\/2020\/12\/IMG_4304-18x24.jpeg 18w, https:\/\/blogsaverroes.juntadeandalucia.es\/hercan\/files\/2020\/12\/IMG_4304-27x36.jpeg 27w, https:\/\/blogsaverroes.juntadeandalucia.es\/hercan\/files\/2020\/12\/IMG_4304-36x48.jpeg 36w, https:\/\/blogsaverroes.juntadeandalucia.es\/hercan\/files\/2020\/12\/IMG_4304-scaled.jpeg 1200w\" sizes=\"(max-width: 225px) 100vw, 225px\" \/><\/a> <a href=\"https:\/\/blogsaverroes.juntadeandalucia.es\/hercan\/2020\/12\/23\/ganadores-concurso-de-combas\/img_4305\/\" rel=\"attachment wp-att-982\"><img loading=\"lazy\" decoding=\"async\" class=\"aligncenter size-medium wp-image-982\" src=\"https:\/\/blogsaverroes.juntadeandalucia.es\/hercan\/files\/2020\/12\/IMG_4305-225x300.jpeg\" alt=\"\" width=\"225\" height=\"300\" srcset=\"https:\/\/blogsaverroes.juntadeandalucia.es\/hercan\/files\/2020\/12\/IMG_4305-225x300.jpeg 225w, https:\/\/blogsaverroes.juntadeandalucia.es\/hercan\/files\/2020\/12\/IMG_4305-768x1024.jpeg 768w, https:\/\/blogsaverroes.juntadeandalucia.es\/hercan\/files\/2020\/12\/IMG_4305-1152x1536.jpeg 1152w, https:\/\/blogsaverroes.juntadeandalucia.es\/hercan\/files\/2020\/12\/IMG_4305-1536x2048.jpeg 1536w, https:\/\/blogsaverroes.juntadeandalucia.es\/hercan\/files\/2020\/12\/IMG_4305-18x24.jpeg 18w, https:\/\/blogsaverroes.juntadeandalucia.es\/hercan\/files\/2020\/12\/IMG_4305-27x36.jpeg 27w, https:\/\/blogsaverroes.juntadeandalucia.es\/hercan\/files\/2020\/12\/IMG_4305-36x48.jpeg 36w, https:\/\/blogsaverroes.juntadeandalucia.es\/hercan\/files\/2020\/12\/IMG_4305-scaled.jpeg 1200w\" sizes=\"(max-width: 225px) 100vw, 225px\" \/><\/a> <a href=\"https:\/\/blogsaverroes.juntadeandalucia.es\/hercan\/2020\/12\/23\/ganadores-concurso-de-combas\/img_4319\/\" rel=\"attachment wp-att-983\"><img loading=\"lazy\" decoding=\"async\" class=\"aligncenter size-medium wp-image-983\" src=\"https:\/\/blogsaverroes.juntadeandalucia.es\/hercan\/files\/2020\/12\/IMG_4319-225x300.jpeg\" alt=\"\" width=\"225\" height=\"300\" srcset=\"https:\/\/blogsaverroes.juntadeandalucia.es\/hercan\/files\/2020\/12\/IMG_4319-225x300.jpeg 225w, https:\/\/blogsaverroes.juntadeandalucia.es\/hercan\/files\/2020\/12\/IMG_4319-768x1024.jpeg 768w, https:\/\/blogsaverroes.juntadeandalucia.es\/hercan\/files\/2020\/12\/IMG_4319-1152x1536.jpeg 1152w, https:\/\/blogsaverroes.juntadeandalucia.es\/hercan\/files\/2020\/12\/IMG_4319-1536x2048.jpeg 1536w, https:\/\/blogsaverroes.juntadeandalucia.es\/hercan\/files\/2020\/12\/IMG_4319-18x24.jpeg 18w, https:\/\/blogsaverroes.juntadeandalucia.es\/hercan\/files\/2020\/12\/IMG_4319-27x36.jpeg 27w, https:\/\/blogsaverroes.juntadeandalucia.es\/hercan\/files\/2020\/12\/IMG_4319-36x48.jpeg 36w, https:\/\/blogsaverroes.juntadeandalucia.es\/hercan\/files\/2020\/12\/IMG_4319-scaled.jpeg 1200w\" sizes=\"(max-width: 225px) 100vw, 225px\" \/><\/a> <a href=\"https:\/\/blogsaverroes.juntadeandalucia.es\/hercan\/2020\/12\/23\/ganadores-concurso-de-combas\/img_4320\/\" rel=\"attachment wp-att-984\"><img loading=\"lazy\" decoding=\"async\" class=\"aligncenter size-medium wp-image-984\" src=\"https:\/\/blogsaverroes.juntadeandalucia.es\/hercan\/files\/2020\/12\/IMG_4320-225x300.jpeg\" alt=\"\" width=\"225\" height=\"300\" srcset=\"https:\/\/blogsaverroes.juntadeandalucia.es\/hercan\/files\/2020\/12\/IMG_4320-225x300.jpeg 225w, https:\/\/blogsaverroes.juntadeandalucia.es\/hercan\/files\/2020\/12\/IMG_4320-768x1024.jpeg 768w, https:\/\/blogsaverroes.juntadeandalucia.es\/hercan\/files\/2020\/12\/IMG_4320-1152x1536.jpeg 1152w, https:\/\/blogsaverroes.juntadeandalucia.es\/hercan\/files\/2020\/12\/IMG_4320-1536x2048.jpeg 1536w, https:\/\/blogsaverroes.juntadeandalucia.es\/hercan\/files\/2020\/12\/IMG_4320-18x24.jpeg 18w, https:\/\/blogsaverroes.juntadeandalucia.es\/hercan\/files\/2020\/12\/IMG_4320-27x36.jpeg 27w, https:\/\/blogsaverroes.juntadeandalucia.es\/hercan\/files\/2020\/12\/IMG_4320-36x48.jpeg 36w, https:\/\/blogsaverroes.juntadeandalucia.es\/hercan\/files\/2020\/12\/IMG_4320-scaled.jpeg 1200w\" sizes=\"(max-width: 225px) 100vw, 225px\" \/><\/a><\/p>\n","protected":false},"excerpt":{"rendered":"<p>Buenas tardes familias. Ya tenemos vencedores del concurso de combas celebrado en estos d\u00edas de diciembre en el recreo del Cole. En la categor\u00eda&#46;&#46;&#46;<\/p>\n","protected":false},"author":1447,"featured_media":917,"comment_status":"open","ping_status":"open","sticky":false,"template":"","format":"standard","meta":{"ngg_post_thumbnail":0,"footnotes":""},"categories":[1060472,1060473],"tags":[1060442,1060457,1060460,1060458,1060462,1060437,1060459],"aioseo_notices":[],"_links":{"self":[{"href":"https:\/\/blogsaverroes.juntadeandalucia.es\/hercan\/wp-json\/wp\/v2\/posts\/980"}],"collection":[{"href":"https:\/\/blogsaverroes.juntadeandalucia.es\/hercan\/wp-json\/wp\/v2\/posts"}],"about":[{"href":"https:\/\/blogsaverroes.juntadeandalucia.es\/hercan\/wp-json\/wp\/v2\/types\/post"}],"author":[{"embeddable":true,"href":"https:\/\/blogsaverroes.juntadeandalucia.es\/hercan\/wp-json\/wp\/v2\/users\/1447"}],"replies":[{"embeddable":true,"href":"https:\/\/blogsaverroes.juntadeandalucia.es\/hercan\/wp-json\/wp\/v2\/comments?post=980"}],"version-history":[{"count":2,"href":"https:\/\/blogsaverroes.juntadeandalucia.es\/hercan\/wp-json\/wp\/v2\/posts\/980\/revisions"}],"predecessor-version":[{"id":986,"href":"https:\/\/blogsaverroes.juntadeandalucia.es\/hercan\/wp-json\/wp\/v2\/posts\/980\/revisions\/986"}],"wp:featuredmedia":[{"embeddable":true,"href":"https:\/\/blogsaverroes.juntadeandalucia.es\/hercan\/wp-json\/wp\/v2\/media\/917"}],"wp:attachment":[{"href":"https:\/\/blogsaverroes.juntadeandalucia.es\/hercan\/wp-json\/wp\/v2\/media?parent=980"}],"wp:term":[{"taxonomy":"category","embeddable":true,"href":"https:\/\/blogsaverroes.juntadeandalucia.es\/hercan\/wp-json\/wp\/v2\/categories?post=980"},{"taxonomy":"post_tag","embeddable":true,"href":"https:\/\/blogsaverroes.juntadeandalucia.es\/hercan\/wp-json\/wp\/v2\/tags?post=980"}],"curies":[{"name":"wp","href":"https:\/\/api.w.org\/{rel}","templated":true}]}}