{"id":322,"date":"2021-02-10T23:49:58","date_gmt":"2021-02-10T22:49:58","guid":{"rendered":"https:\/\/blogsaverroes.juntadeandalucia.es\/himilceradio\/?p=322"},"modified":"2021-02-11T00:04:14","modified_gmt":"2021-02-10T23:04:14","slug":"dia-internacional-de-la-mujer-y-la-nina-en-la-ciencia","status":"publish","type":"post","link":"https:\/\/blogsaverroes.juntadeandalucia.es\/himilceradio\/2021\/02\/10\/dia-internacional-de-la-mujer-y-la-nina-en-la-ciencia\/","title":{"rendered":"Dia internacional de la mujer y la ni\u00f1a en la ciencia"},"content":{"rendered":"<p><a href=\"https:\/\/blogsaverroes.juntadeandalucia.es\/himilceradio\/files\/2021\/02\/DIA-CIENCIA-MUJERES.png\"><img loading=\"lazy\" decoding=\"async\" class=\"aligncenter size-full wp-image-323\" src=\"https:\/\/blogsaverroes.juntadeandalucia.es\/himilceradio\/files\/2021\/02\/DIA-CIENCIA-MUJERES.png\" alt=\"\" width=\"716\" height=\"478\" srcset=\"https:\/\/blogsaverroes.juntadeandalucia.es\/himilceradio\/files\/2021\/02\/DIA-CIENCIA-MUJERES.png 716w, https:\/\/blogsaverroes.juntadeandalucia.es\/himilceradio\/files\/2021\/02\/DIA-CIENCIA-MUJERES-300x200.png 300w\" sizes=\"(max-width: 716px) 100vw, 716px\" \/><\/a><\/p>\n<p style=\"text-align: justify\">Las mujeres y las ni\u00f1as constituyen la mitad de la poblaci\u00f3n mundial y por consiguiente la mitad de su potencial. La&nbsp;igualdad de g\u00e9nero, adem\u00e1s de ser un derecho humano fundamental, es imprescindible para lograr sociedades pac\u00edficas, con pleno potencial humano y desarrollo sostenible.&nbsp;<\/p>\n<p style=\"text-align: justify\">Con motivo de la conmemoraci\u00f3n de este d\u00eda, hoy nuestra emisora ha preparado una programaci\u00f3n especial dedicada a las mujeres cient\u00edficas de nuestra historia. Aqu\u00ed os dejamos uno de los podcast que hoy hemos transmitido gracias a la colaboraci\u00f3n de nuestros amigos de cienciaes.com.<\/p>\n<!--[if lt IE 9]><script>document.createElement('audio');<\/script><![endif]-->\n<audio class=\"wp-audio-shortcode\" id=\"audio-322-1\" preload=\"none\" style=\"width: 100%;\" controls=\"controls\"><source type=\"audio\/mpeg\" src=\"https:\/\/blogsaverroes.juntadeandalucia.es\/himilceradio\/files\/2021\/02\/Marie-Curie.-Rompiendo-moldes.mp3?_=1\" \/><a href=\"https:\/\/blogsaverroes.juntadeandalucia.es\/himilceradio\/files\/2021\/02\/Marie-Curie.-Rompiendo-moldes.mp3\">https:\/\/blogsaverroes.juntadeandalucia.es\/himilceradio\/files\/2021\/02\/Marie-Curie.-Rompiendo-moldes.mp3<\/a><\/audio>\n<p style=\"text-align: justify\">&nbsp;<\/p>\n","protected":false},"excerpt":{"rendered":"<p>Las mujeres y las ni\u00f1as constituyen la mitad de la poblaci\u00f3n mundial y por consiguiente la mitad de su potencial. La&nbsp;igualdad de g\u00e9nero, adem\u00e1s de ser un derecho humano fundamental, es imprescindible para lograr sociedades pac\u00edficas, con pleno potencial humano y desarrollo sostenible.&nbsp; Con motivo de la conmemoraci\u00f3n de este d\u00eda, hoy nuestra emisora ha &hellip; <\/p>\n<p><a class=\"more-link btn\" href=\"https:\/\/blogsaverroes.juntadeandalucia.es\/himilceradio\/2021\/02\/10\/dia-internacional-de-la-mujer-y-la-nina-en-la-ciencia\/\">Seguir leyendo<\/a><\/p>\n","protected":false},"author":5100,"featured_media":323,"comment_status":"open","ping_status":"open","sticky":false,"template":"","format":"standard","meta":{"ngg_post_thumbnail":0,"footnotes":""},"categories":[11912],"tags":[],"aioseo_notices":[],"_links":{"self":[{"href":"https:\/\/blogsaverroes.juntadeandalucia.es\/himilceradio\/wp-json\/wp\/v2\/posts\/322"}],"collection":[{"href":"https:\/\/blogsaverroes.juntadeandalucia.es\/himilceradio\/wp-json\/wp\/v2\/posts"}],"about":[{"href":"https:\/\/blogsaverroes.juntadeandalucia.es\/himilceradio\/wp-json\/wp\/v2\/types\/post"}],"author":[{"embeddable":true,"href":"https:\/\/blogsaverroes.juntadeandalucia.es\/himilceradio\/wp-json\/wp\/v2\/users\/5100"}],"replies":[{"embeddable":true,"href":"https:\/\/blogsaverroes.juntadeandalucia.es\/himilceradio\/wp-json\/wp\/v2\/comments?post=322"}],"version-history":[{"count":2,"href":"https:\/\/blogsaverroes.juntadeandalucia.es\/himilceradio\/wp-json\/wp\/v2\/posts\/322\/revisions"}],"predecessor-version":[{"id":327,"href":"https:\/\/blogsaverroes.juntadeandalucia.es\/himilceradio\/wp-json\/wp\/v2\/posts\/322\/revisions\/327"}],"wp:featuredmedia":[{"embeddable":true,"href":"https:\/\/blogsaverroes.juntadeandalucia.es\/himilceradio\/wp-json\/wp\/v2\/media\/323"}],"wp:attachment":[{"href":"https:\/\/blogsaverroes.juntadeandalucia.es\/himilceradio\/wp-json\/wp\/v2\/media?parent=322"}],"wp:term":[{"taxonomy":"category","embeddable":true,"href":"https:\/\/blogsaverroes.juntadeandalucia.es\/himilceradio\/wp-json\/wp\/v2\/categories?post=322"},{"taxonomy":"post_tag","embeddable":true,"href":"https:\/\/blogsaverroes.juntadeandalucia.es\/himilceradio\/wp-json\/wp\/v2\/tags?post=322"}],"curies":[{"name":"wp","href":"https:\/\/api.w.org\/{rel}","templated":true}]}}