{"id":366,"date":"2023-03-23T22:50:56","date_gmt":"2023-03-23T21:50:56","guid":{"rendered":"https:\/\/blogsaverroes.juntadeandalucia.es\/hoycocinoyo\/?p=366"},"modified":"2025-05-04T22:51:05","modified_gmt":"2025-05-04T20:51:05","slug":"hoy-cocino-yo-con-el-ceper-pedro-de-escavias-de-andujar-23-3-23","status":"publish","type":"post","link":"https:\/\/blogsaverroes.juntadeandalucia.es\/hoycocinoyo\/?p=366","title":{"rendered":"HOY COCINO YO CON EL CEPER PEDRO DE ESCAVIAS DE AND\u00daJAR 23\/3\/23"},"content":{"rendered":"<p>HOY COCINO YO CON EL CEPER PEDRO DE ESCAVIAS DE AND\u00daJAR 23\/3\/23<\/p>\n<p>Nuestra primera cocina de la primavera la hacemos con la escuela de la calle Maestra y, desde all\u00ed, nos llega Sana\u00e4 Ma\u00efz\u00ef para hablarnos del mes sagrado del Islam, el Ramad\u00e1n; y para contarnos, paso a paso, como se preparan dos recetas que no pueden faltar en su mesa en estos d\u00edas: la \u201cChebakia\u201d, un dulce marroqu\u00ed que se consume en el momento del iftar (cuando se rompe el ayuno) junto con la sopa \u201cHarira\u201d. Sana\u00e4 nos ha contado que la \u201cHarira\u201d complementa perfectamente el sabor de la \u201cChebakia\u201d, creando una combinaci\u00f3n de sabores irresistible. Le mandamos un fort\u00edsimo abrazo y le damos las gracias por participar en esta aventura gastron\u00f3mica en la que tambi\u00e9n tienen cabida los sabores del mundo. \u0634\u0643\u0631\u0627 \u0644\u0643\u064a \u064a\u0627 \u0623\u062e\u062a\u0649 \u0645\u0637\u0628\u062e\u0646\u0627 \u0627\u0644\u0631\u0628\u064a\u0639\u064a \u0627\u0644\u0623\u0648\u0644 \u0647\u0648 \u0645\u0639 Sana\u00e4 Ma\u00efz\u00ef \u0644\u064a\u062e\u0628\u0631\u0646\u0627 \u0639\u0646 \u0634\u0647\u0631 \u0627\u0644\u0625\u0633\u0644\u0627\u0645 \u0627\u0644\u0645\u0628\u0627\u0631\u0643 \u060c \u0631\u0645\u0636\u0627\u0646. \u0648\u0644\u0625\u062e\u0628\u0627\u0631\u0646\u0627 \u060c \u062e\u0637\u0648\u0629 \u0628\u062e\u0637\u0648\u0629 \u060c \u0643\u064a\u0641 \u064a\u062a\u0645 \u0625\u0639\u062f\u0627\u062f \u0648\u0635\u0641\u062a\u064a\u0646 \u0644\u0627 \u064a\u0645\u0643\u0646 \u0623\u0646 \u062a\u0643\u0648\u0646 \u0645\u0641\u0642\u0648\u062f\u0629 \u0639\u0644\u0649 \u0637\u0627\u0648\u0644\u062a\u0643 \u0647\u0630\u0647 \u0627\u0644\u0623\u064a\u0627\u0645: \u00ab\u0627\u0644\u0634\u0628\u0627\u0643\u064a\u0629\u00bb \u060c \u0648\u0647\u064a \u062d\u0644\u0648\u0649 \u0645\u063a\u0631\u0628\u064a\u0629 \u064a\u062a\u0645 \u0627\u0633\u062a\u0647\u0644\u0627\u0643\u0647\u0627 \u0641\u064a \u0648\u0642\u062a \u0627\u0644\u0625\u0641\u0637\u0627\u0631 (\u0639\u0646\u062f \u0643\u0633\u0631 \u0627\u0644\u0635\u064a\u0627\u0645) \u0645\u0639 \u062d\u0633\u0627\u0621 \u00ab\u062d\u0631\u064a\u0631\u0629\u00bb. \u0623\u062e\u0628\u0631\u062a\u0646\u0627 \u0635\u0646\u0639\u0627\u0621 \u0623\u0646 \u00ab\u062d\u0631\u064a\u0631\u0629\u00bb \u062a\u0643\u0645\u0644 \u062a\u0645\u0627\u0645\u0627 \u0637\u0639\u0645 \u00ab\u0627\u0644\u0634\u0628\u0627\u0643\u064a\u0629\u00bb \u060c \u0645\u0645\u0627 \u064a\u062e\u0644\u0642 \u0645\u0632\u064a\u062c\u0627 \u0644\u0627 \u064a\u0642\u0627\u0648\u0645 \u0645\u0646 \u0627\u0644\u0646\u0643\u0647\u0627\u062a. \u0646\u0631\u0633\u0644 \u0644\u0643 \u0639\u0646\u0627\u0642\u0627 \u0643\u0628\u064a\u0631\u0627 \u0648\u0646\u0634\u0643\u0631\u0643 \u0639\u0644\u0649 \u0627\u0644\u0645\u0634\u0627\u0631\u0643\u0629 \u0641\u064a \u0647\u0630\u0647 \u0627\u0644\u0645\u063a\u0627\u0645\u0631\u0629 \u0627\u0644\u0630\u0648\u0627\u0642\u0629 \u0627\u0644\u062a\u064a \u0644\u0647\u0627 \u0645\u0643\u0627\u0646 \u0623\u064a\u0636\u0627 \u0644\u0646\u0643\u0647\u0627\u062a \u0627\u0644\u0639\u0627\u0644\u0645.<\/p>\n<p>\u201cHoy Cocino yo\u201d se emite los lunes a las 11 de la ma\u00f1ana y a las 3 de la tarde de la mano de los supermercados MASYMAS. S\u00edguelo on line desde www.radioandujar.com Tambi\u00e9n lo encontrar\u00e1s en la secci\u00f3n RADIO A LA CARTA de nuestra web, a trav\u00e9s del enlace que te ofreceremos desde este mismo portal de Facebook y en nuestro canal de Youtube.<\/p>\n<p><iframe loading=\"lazy\" title=\"HOY COCINO YO CON EL CEPER PEDRO DE ESCAVIAS DE AND\u00daJAR 23\/3\/23\" width=\"500\" height=\"375\" src=\"https:\/\/www.youtube.com\/embed\/iJaiF4i1M1Y?feature=oembed&#038;wmode=opaque\" frameborder=\"0\" allow=\"accelerometer; autoplay; clipboard-write; encrypted-media; gyroscope; picture-in-picture; web-share\" referrerpolicy=\"strict-origin-when-cross-origin\" allowfullscreen><\/iframe><\/p>\n<p>RADIO AND\u00daJAR<\/p>\n","protected":false},"excerpt":{"rendered":"<p>HOY COCINO YO CON EL CEPER PEDRO DE ESCAVIAS DE AND\u00daJAR 23\/3\/23 Nuestra primera cocina de la primavera la hacemos con la escuela de la calle Maestra y, desde all\u00ed, nos llega Sana\u00e4 Ma\u00efz\u00ef&#46;&#46;&#46;<\/p>\n","protected":false},"author":8137,"featured_media":0,"comment_status":"open","ping_status":"open","sticky":false,"template":"","format":"standard","meta":{"footnotes":""},"categories":[3,9],"tags":[],"aioseo_notices":[],"_links":{"self":[{"href":"https:\/\/blogsaverroes.juntadeandalucia.es\/hoycocinoyo\/index.php?rest_route=\/wp\/v2\/posts\/366"}],"collection":[{"href":"https:\/\/blogsaverroes.juntadeandalucia.es\/hoycocinoyo\/index.php?rest_route=\/wp\/v2\/posts"}],"about":[{"href":"https:\/\/blogsaverroes.juntadeandalucia.es\/hoycocinoyo\/index.php?rest_route=\/wp\/v2\/types\/post"}],"author":[{"embeddable":true,"href":"https:\/\/blogsaverroes.juntadeandalucia.es\/hoycocinoyo\/index.php?rest_route=\/wp\/v2\/users\/8137"}],"replies":[{"embeddable":true,"href":"https:\/\/blogsaverroes.juntadeandalucia.es\/hoycocinoyo\/index.php?rest_route=%2Fwp%2Fv2%2Fcomments&post=366"}],"version-history":[{"count":1,"href":"https:\/\/blogsaverroes.juntadeandalucia.es\/hoycocinoyo\/index.php?rest_route=\/wp\/v2\/posts\/366\/revisions"}],"predecessor-version":[{"id":367,"href":"https:\/\/blogsaverroes.juntadeandalucia.es\/hoycocinoyo\/index.php?rest_route=\/wp\/v2\/posts\/366\/revisions\/367"}],"wp:attachment":[{"href":"https:\/\/blogsaverroes.juntadeandalucia.es\/hoycocinoyo\/index.php?rest_route=%2Fwp%2Fv2%2Fmedia&parent=366"}],"wp:term":[{"taxonomy":"category","embeddable":true,"href":"https:\/\/blogsaverroes.juntadeandalucia.es\/hoycocinoyo\/index.php?rest_route=%2Fwp%2Fv2%2Fcategories&post=366"},{"taxonomy":"post_tag","embeddable":true,"href":"https:\/\/blogsaverroes.juntadeandalucia.es\/hoycocinoyo\/index.php?rest_route=%2Fwp%2Fv2%2Ftags&post=366"}],"curies":[{"name":"wp","href":"https:\/\/api.w.org\/{rel}","templated":true}]}}