{"id":10978,"date":"2023-12-01T13:41:40","date_gmt":"2023-12-01T12:41:40","guid":{"rendered":"https:\/\/blogsaverroes.juntadeandalucia.es\/ies-murillo\/?p=10978"},"modified":"2023-12-01T13:41:40","modified_gmt":"2023-12-01T12:41:40","slug":"aulas-bilingues-de-hosteleria-y-turismo-celebra-una-exitosa-estancia-formativa-en-dublin","status":"publish","type":"post","link":"https:\/\/blogsaverroes.juntadeandalucia.es\/ies-murillo\/aulas-bilingues-de-hosteleria-y-turismo-celebra-una-exitosa-estancia-formativa-en-dublin\/","title":{"rendered":"Aulas Biling\u00fces de Hosteler\u00eda y Turismo celebra una exitosa Estancia Formativa en Dubl\u00edn."},"content":{"rendered":"<p style=\"text-align: justify\">El Instituto de Educaci\u00f3n Secundaria Murillo se complace en informar sobre el \u00e9xito de la reciente estancia formativa en Dubl\u00edn, Irlanda, llevada a cabo como parte del programa de aulas biling\u00fces. Durante una semana intensiva, un grupo selecto de estudiantes tuvo la oportunidad de sumergirse en la riqueza cultural e idiom\u00e1tica de este fascinante pa\u00eds.<\/p>\n<p style=\"text-align: justify\">Los participantes del programa experimentaron una inmersi\u00f3n total en el idioma ingl\u00e9s, participando en actividades dise\u00f1adas para mejorar sus habilidades ling\u00fc\u00edsticas. La interacci\u00f3n directa con hablantes nativos proporcion\u00f3 a los estudiantes una valiosa experiencia pr\u00e1ctica, contribuyendo significativamente a su desarrollo ling\u00fc\u00edstico y cultural.<\/p>\n<p style=\"text-align: justify\">Adem\u00e1s, los estudiantes exploraron los lugares emblem\u00e1ticos de Dubl\u00edn, enriqueciendo su comprensi\u00f3n cultural y promoviendo la apreciaci\u00f3n de la diversidad. La experiencia no solo ampli\u00f3 sus horizontes acad\u00e9micos, sino que tambi\u00e9n foment\u00f3 el desarrollo de habilidades interculturales esenciales en un mundo cada vez m\u00e1s globalizado.<\/p>\n<p style=\"text-align: justify\">El IES Murillo agradece a todos los participantes, as\u00ed como a los profesores y colaboradores que hicieron posible esta enriquecedora experiencia. Estamos comprometidos con continuar proporcionando oportunidades educativas excepcionales que preparen a nuestros estudiantes para los desaf\u00edos del siglo XXI.<\/p>\nngg_shortcode_0_placeholder\n","protected":false},"excerpt":{"rendered":"<p>El Instituto de Educaci\u00f3n Secundaria Murillo se complace en informar sobre el \u00e9xito de la reciente estancia formativa en Dubl\u00edn, Irlanda, llevada a cabo como&hellip;<\/p>\n","protected":false},"author":4140,"featured_media":10876,"comment_status":"closed","ping_status":"open","sticky":false,"template":"","format":"standard","meta":{"ngg_post_thumbnail":0,"footnotes":""},"categories":[56],"tags":[286,75,254],"aioseo_notices":[],"_links":{"self":[{"href":"https:\/\/blogsaverroes.juntadeandalucia.es\/ies-murillo\/wp-json\/wp\/v2\/posts\/10978"}],"collection":[{"href":"https:\/\/blogsaverroes.juntadeandalucia.es\/ies-murillo\/wp-json\/wp\/v2\/posts"}],"about":[{"href":"https:\/\/blogsaverroes.juntadeandalucia.es\/ies-murillo\/wp-json\/wp\/v2\/types\/post"}],"author":[{"embeddable":true,"href":"https:\/\/blogsaverroes.juntadeandalucia.es\/ies-murillo\/wp-json\/wp\/v2\/users\/4140"}],"replies":[{"embeddable":true,"href":"https:\/\/blogsaverroes.juntadeandalucia.es\/ies-murillo\/wp-json\/wp\/v2\/comments?post=10978"}],"version-history":[{"count":2,"href":"https:\/\/blogsaverroes.juntadeandalucia.es\/ies-murillo\/wp-json\/wp\/v2\/posts\/10978\/revisions"}],"predecessor-version":[{"id":10985,"href":"https:\/\/blogsaverroes.juntadeandalucia.es\/ies-murillo\/wp-json\/wp\/v2\/posts\/10978\/revisions\/10985"}],"wp:featuredmedia":[{"embeddable":true,"href":"https:\/\/blogsaverroes.juntadeandalucia.es\/ies-murillo\/wp-json\/wp\/v2\/media\/10876"}],"wp:attachment":[{"href":"https:\/\/blogsaverroes.juntadeandalucia.es\/ies-murillo\/wp-json\/wp\/v2\/media?parent=10978"}],"wp:term":[{"taxonomy":"category","embeddable":true,"href":"https:\/\/blogsaverroes.juntadeandalucia.es\/ies-murillo\/wp-json\/wp\/v2\/categories?post=10978"},{"taxonomy":"post_tag","embeddable":true,"href":"https:\/\/blogsaverroes.juntadeandalucia.es\/ies-murillo\/wp-json\/wp\/v2\/tags?post=10978"}],"curies":[{"name":"wp","href":"https:\/\/api.w.org\/{rel}","templated":true}]}}