{"id":11354,"date":"2024-03-15T10:56:11","date_gmt":"2024-03-15T09:56:11","guid":{"rendered":"https:\/\/blogsaverroes.juntadeandalucia.es\/ies-murillo\/?p=11354"},"modified":"2024-03-15T10:56:11","modified_gmt":"2024-03-15T09:56:11","slug":"jardineros-y-jardineras-de-paz-erasmus-carteles","status":"publish","type":"post","link":"https:\/\/blogsaverroes.juntadeandalucia.es\/ies-murillo\/jardineros-y-jardineras-de-paz-erasmus-carteles\/","title":{"rendered":"JARDINEROS Y JARDINERAS DE PAZ &#8211; ERASMUS+ &#8211; CARTELES"},"content":{"rendered":"<p style=\"text-align: justify\">Del 11 al 22 de marzo de 2024 se exponen los carteles realizados por el alumnado de la materia de dise\u00f1o de 2\u00ba de bachillerato de Artes y bajo la supervisi\u00f3n de su profesora Matilde Leal Ortega.<br \/>\nSe propuso al alumnado la realizaci\u00f3n de carteles que trataran temas sobre La Paz, los Objetivos de Desarrollo Sostenibles (ODS, conjunto de objetivos de las Naciones Unidas para el desarrollo global y cambio clim\u00e1tico), la igualdad, h\u00e1bitos saludables, el respeto, la educaci\u00f3n en valores&#8230;, temas que les interesaran especialmente y por los que quisieran, de alguna manera con su trabajo como futuros dise\u00f1adores gr\u00e1ficos, concienciar a los dem\u00e1s.<br \/>\nComo todos los trabajos de Dise\u00f1o y en general los que se realizan en todas las materias espec\u00edficas del Bachillerato de Artes este proyecto se ha realizado siguiendo los siguientes pasos:<\/p>\n<p>FASE I: BUSCANDO REFERENCIAS<br \/>\nEn esta primera fase se anima al alumnado a buscar informaci\u00f3n sobre los temas propuestos, buscan referencias de otros artistas gr\u00e1ficos, se re\u00fanen por grupos y comentan, imaginan, hacen lluvia de ideas, crean esl\u00f3ganes, dibujan, y poco a poco van saliendo y concret\u00e1ndose las ideas que cada uno quiere trabajar y de qu\u00e9 manera transmitirlas.<br \/>\nAl final de esta fase cada alumno, de forma individual, tiene que presentar un eslogan original y al menos tres bocetos con soluciones totalmente diferentes.<\/p>\n<p>FASE II: MEJORA DE LA IDEA<br \/>\nEn esta segunda fase el objetivo principal es mejorar el boceto seleccionado anteriormente atendiendo a composici\u00f3n y elementos formales en general.<\/p>\n<p>FASE III: ESTUDIO DEL COLOR<br \/>\nEste es el momento de pensar qu\u00e9 colores, gamas crom\u00e1ticas y valoraci\u00f3n tonal queremos para nuestra idea\/ cartel atendiendo a qu\u00e9 quiero decir, c\u00f3mo lo quiero contar y a qu\u00e9 p\u00fablico va dirigido.<\/p>\n<p>FASE IV: ARTE FINAL<br \/>\nCada alumno realiza una propuesta final de cartel esmer\u00e1ndose en el acabado y con los procedimientos que cada uno seleccione. En este caso se ha dejado que ellos elijan no s\u00f3lo la t\u00e9cnica sino tambi\u00e9n el procedimiento (manual o digital). Muchos de los alumnos ya tienen tabletas gr\u00e1ficas y las compartieron para llevar a cabo el proyecto.<br \/>\nAqu\u00ed tan solo se presentan las ideas ya materializadas en forma de cartel, es decir la fase final, que pueden transmitir de una forma acertada o no las ideas del alumnado. Pero lo importante ha sido, como dec\u00eda el poeta, el camino recorrido y no la meta. Hemos hablado de igualdad, respeto, tolerancia, ecolog\u00eda, h\u00e1bitos saludables, salud mental, educaci\u00f3n, igualdad&#8230;Y con todo esto y m\u00e1s, hemos querido sembrar, como \u201cjardineros y jardineras de Paz\u201d, nuestra simiente para que reflexionemos y podamos contribuir a dise\u00f1ar un futuro mejor y sostenible para todos.<\/p>\n<p style=\"text-align: justify\">La exposici\u00f3n est\u00e1 ubicada en el hall del centro y durar\u00e1 hasta final de este mes ya que en abril se prepara la siguiente exposici\u00f3n del bachillerato de Artes para conmemorar el d\u00eda del libro.<\/p>\n<!--[if lt IE 9]><script>document.createElement('video');<\/script><![endif]-->\n\t<div class=\"wp-playlist wp-video-playlist wp-playlist-light\">\n\t\t<video controls=\"controls\" preload=\"none\" width=\"821\"\n\t\t height=\"462\"\t><\/video>\n\t<div class=\"wp-playlist-next\"><\/div>\n\t<div class=\"wp-playlist-prev\"><\/div>\n\t<noscript>\n\t<ol>\n\t\t<li><a href='https:\/\/blogsaverroes.juntadeandalucia.es\/ies-murillo\/files\/2024\/03\/Video-carteles-2024.mp4'>Video carteles 2024<\/a><\/li>\t<\/ol>\n\t<\/noscript>\n\t<script type=\"application\/json\" class=\"wp-playlist-script\">{\"type\":\"video\",\"tracklist\":false,\"tracknumbers\":true,\"images\":true,\"artists\":true,\"tracks\":[{\"src\":\"https:\\\/\\\/blogsaverroes.juntadeandalucia.es\\\/ies-murillo\\\/files\\\/2024\\\/03\\\/Video-carteles-2024.mp4\",\"type\":\"video\\\/mp4\",\"title\":\"Video carteles 2024\",\"caption\":\"\",\"description\":\"\",\"meta\":{\"length_formatted\":\"1:03\"},\"dimensions\":{\"original\":{\"width\":1920,\"height\":1080},\"resized\":{\"width\":821,\"height\":462}},\"image\":{\"src\":\"https:\\\/\\\/blogsaverroes.juntadeandalucia.es\\\/ies-murillo\\\/wp-includes\\\/images\\\/media\\\/video.png\",\"width\":48,\"height\":64},\"thumb\":{\"src\":\"https:\\\/\\\/blogsaverroes.juntadeandalucia.es\\\/ies-murillo\\\/wp-includes\\\/images\\\/media\\\/video.png\",\"width\":48,\"height\":64}}]}<\/script>\n<\/div>\n\t\n","protected":false},"excerpt":{"rendered":"<p>Del 11 al 22 de marzo de 2024 se exponen los carteles realizados por el alumnado de la materia de dise\u00f1o de 2\u00ba de bachillerato&hellip;<\/p>\n","protected":false},"author":4140,"featured_media":11356,"comment_status":"closed","ping_status":"open","sticky":false,"template":"","format":"standard","meta":{"ngg_post_thumbnail":0,"footnotes":""},"categories":[21],"tags":[286,296,136],"aioseo_notices":[],"_links":{"self":[{"href":"https:\/\/blogsaverroes.juntadeandalucia.es\/ies-murillo\/wp-json\/wp\/v2\/posts\/11354"}],"collection":[{"href":"https:\/\/blogsaverroes.juntadeandalucia.es\/ies-murillo\/wp-json\/wp\/v2\/posts"}],"about":[{"href":"https:\/\/blogsaverroes.juntadeandalucia.es\/ies-murillo\/wp-json\/wp\/v2\/types\/post"}],"author":[{"embeddable":true,"href":"https:\/\/blogsaverroes.juntadeandalucia.es\/ies-murillo\/wp-json\/wp\/v2\/users\/4140"}],"replies":[{"embeddable":true,"href":"https:\/\/blogsaverroes.juntadeandalucia.es\/ies-murillo\/wp-json\/wp\/v2\/comments?post=11354"}],"version-history":[{"count":3,"href":"https:\/\/blogsaverroes.juntadeandalucia.es\/ies-murillo\/wp-json\/wp\/v2\/posts\/11354\/revisions"}],"predecessor-version":[{"id":11360,"href":"https:\/\/blogsaverroes.juntadeandalucia.es\/ies-murillo\/wp-json\/wp\/v2\/posts\/11354\/revisions\/11360"}],"wp:featuredmedia":[{"embeddable":true,"href":"https:\/\/blogsaverroes.juntadeandalucia.es\/ies-murillo\/wp-json\/wp\/v2\/media\/11356"}],"wp:attachment":[{"href":"https:\/\/blogsaverroes.juntadeandalucia.es\/ies-murillo\/wp-json\/wp\/v2\/media?parent=11354"}],"wp:term":[{"taxonomy":"category","embeddable":true,"href":"https:\/\/blogsaverroes.juntadeandalucia.es\/ies-murillo\/wp-json\/wp\/v2\/categories?post=11354"},{"taxonomy":"post_tag","embeddable":true,"href":"https:\/\/blogsaverroes.juntadeandalucia.es\/ies-murillo\/wp-json\/wp\/v2\/tags?post=11354"}],"curies":[{"name":"wp","href":"https:\/\/api.w.org\/{rel}","templated":true}]}}