{"id":11447,"date":"2024-04-24T18:51:03","date_gmt":"2024-04-24T17:51:03","guid":{"rendered":"https:\/\/blogsaverroes.juntadeandalucia.es\/ies-murillo\/?p=11447"},"modified":"2024-06-12T10:25:53","modified_gmt":"2024-06-12T09:25:53","slug":"leyendas-de-sevilla","status":"publish","type":"post","link":"https:\/\/blogsaverroes.juntadeandalucia.es\/ies-murillo\/leyendas-de-sevilla\/","title":{"rendered":"LEYENDAS DE SEVILLA"},"content":{"rendered":"<p style=\"text-align: justify\">El alumnado de 3\u00baESO y 4\u00baESO Diversificaci\u00f3n, dentro del \u00c1mbito Ling\u00fc\u00edstico y Social realiza una salida por el centro de la ciudad de Sevilla recorriendo lugares emblem\u00e1ticos relacionados con leyendas sevillanas donde hacen una exposici\u00f3n oral de los trabajos de investigaci\u00f3n realizados.<\/p>\n<div style=\"width: 300px;\" class=\"wp-video\"><!--[if lt IE 9]><script>document.createElement('video');<\/script><![endif]-->\n<video class=\"wp-video-shortcode\" id=\"video-11447-1\" width=\"300\" height=\"550\" autoplay=\"1\" preload=\"metadata\" controls=\"controls\"><source type=\"video\/mp4\" src=\"https:\/\/blogsaverroes.juntadeandalucia.es\/ies-murillo\/files\/2024\/04\/LEYENDAS-DE-SEVILLA.mp4?_=1\" \/><a href=\"https:\/\/blogsaverroes.juntadeandalucia.es\/ies-murillo\/files\/2024\/04\/LEYENDAS-DE-SEVILLA.mp4\">https:\/\/blogsaverroes.juntadeandalucia.es\/ies-murillo\/files\/2024\/04\/LEYENDAS-DE-SEVILLA.mp4<\/a><\/video><\/div>\n<p>&nbsp;<\/p>\n<p>&nbsp;<\/p>\n","protected":false},"excerpt":{"rendered":"<p>El alumnado de 3\u00baESO y 4\u00baESO Diversificaci\u00f3n, dentro del \u00c1mbito Ling\u00fc\u00edstico y Social realiza una salida por el centro de la ciudad de Sevilla recorriendo&hellip;<\/p>\n","protected":false},"author":4140,"featured_media":11450,"comment_status":"closed","ping_status":"open","sticky":false,"template":"","format":"standard","meta":{"ngg_post_thumbnail":0,"footnotes":""},"categories":[34,45],"tags":[286,304,305,295,273,171,219],"aioseo_notices":[],"_links":{"self":[{"href":"https:\/\/blogsaverroes.juntadeandalucia.es\/ies-murillo\/wp-json\/wp\/v2\/posts\/11447"}],"collection":[{"href":"https:\/\/blogsaverroes.juntadeandalucia.es\/ies-murillo\/wp-json\/wp\/v2\/posts"}],"about":[{"href":"https:\/\/blogsaverroes.juntadeandalucia.es\/ies-murillo\/wp-json\/wp\/v2\/types\/post"}],"author":[{"embeddable":true,"href":"https:\/\/blogsaverroes.juntadeandalucia.es\/ies-murillo\/wp-json\/wp\/v2\/users\/4140"}],"replies":[{"embeddable":true,"href":"https:\/\/blogsaverroes.juntadeandalucia.es\/ies-murillo\/wp-json\/wp\/v2\/comments?post=11447"}],"version-history":[{"count":5,"href":"https:\/\/blogsaverroes.juntadeandalucia.es\/ies-murillo\/wp-json\/wp\/v2\/posts\/11447\/revisions"}],"predecessor-version":[{"id":11454,"href":"https:\/\/blogsaverroes.juntadeandalucia.es\/ies-murillo\/wp-json\/wp\/v2\/posts\/11447\/revisions\/11454"}],"wp:featuredmedia":[{"embeddable":true,"href":"https:\/\/blogsaverroes.juntadeandalucia.es\/ies-murillo\/wp-json\/wp\/v2\/media\/11450"}],"wp:attachment":[{"href":"https:\/\/blogsaverroes.juntadeandalucia.es\/ies-murillo\/wp-json\/wp\/v2\/media?parent=11447"}],"wp:term":[{"taxonomy":"category","embeddable":true,"href":"https:\/\/blogsaverroes.juntadeandalucia.es\/ies-murillo\/wp-json\/wp\/v2\/categories?post=11447"},{"taxonomy":"post_tag","embeddable":true,"href":"https:\/\/blogsaverroes.juntadeandalucia.es\/ies-murillo\/wp-json\/wp\/v2\/tags?post=11447"}],"curies":[{"name":"wp","href":"https:\/\/api.w.org\/{rel}","templated":true}]}}