{"id":11610,"date":"2024-06-10T13:34:23","date_gmt":"2024-06-10T12:34:23","guid":{"rendered":"https:\/\/blogsaverroes.juntadeandalucia.es\/ies-murillo\/?p=11610"},"modified":"2024-06-10T13:34:23","modified_gmt":"2024-06-10T12:34:23","slug":"lenguaje-inclusivo-para-la-equidad-de-genero","status":"publish","type":"post","link":"https:\/\/blogsaverroes.juntadeandalucia.es\/ies-murillo\/lenguaje-inclusivo-para-la-equidad-de-genero\/","title":{"rendered":"Lenguaje inclusivo para la equidad de g\u00e9nero"},"content":{"rendered":"<p style=\"text-align: justify\">Dentro del m\u00f3dulo de Metodolog\u00eda de la Integraci\u00f3n Social, del ciclo de Mediaci\u00f3n Comunicativa, se ha hecho un concurso con el alumnado para visibilizar y fomentar el uso del lenguaje inclusivo.<br \/>\nExpresarnos con t\u00e9rminos neutros o que bien hacen evidente el uso del masculino y el femenino, evita las generalizaciones, busca erradicar los estereotipos y lucha contra los roles de g\u00e9nero tradicionales que refuerzan la idea de desigualdad al subordinar al g\u00e9nero masculino todo lo que sea distinto a \u00e9l. El lenguaje inclusivo contribuye a superar la discriminaci\u00f3n de g\u00e9nero al reconocer y dar visibilidad a todas las personas, independientemente de la identidad sexual o de sus capacidades.<br \/>\nEstas son las dos infograf\u00edas ganadoras del concurso realizado en 1\u00baY y 1\u00ba Z de Mediaci\u00f3n Comunicativa.<\/p>\n<div id='gallery-1' class='gallery galleryid-11610 gallery-columns-2 gallery-size-large'><figure class='gallery-item'>\n\t\t\t<div class='gallery-icon portrait'>\n\t\t\t\t<a href='https:\/\/blogsaverroes.juntadeandalucia.es\/ies-murillo\/lenguaje-inclusivo-para-la-equidad-de-genero\/infografia-lenguaje-inclusiva-21\/'><img loading=\"lazy\" decoding=\"async\" width=\"408\" height=\"1024\" src=\"https:\/\/blogsaverroes.juntadeandalucia.es\/ies-murillo\/files\/2024\/06\/Infografia-lenguaje-inclusiva-21-408x1024.jpg\" class=\"attachment-large size-large\" alt=\"\" srcset=\"https:\/\/blogsaverroes.juntadeandalucia.es\/ies-murillo\/files\/2024\/06\/Infografia-lenguaje-inclusiva-21-408x1024.jpg 408w, https:\/\/blogsaverroes.juntadeandalucia.es\/ies-murillo\/files\/2024\/06\/Infografia-lenguaje-inclusiva-21-119x300.jpg 119w, https:\/\/blogsaverroes.juntadeandalucia.es\/ies-murillo\/files\/2024\/06\/Infografia-lenguaje-inclusiva-21-612x1536.jpg 612w, https:\/\/blogsaverroes.juntadeandalucia.es\/ies-murillo\/files\/2024\/06\/Infografia-lenguaje-inclusiva-21.jpg 663w\" sizes=\"(max-width: 408px) 100vw, 408px\" \/><\/a>\n\t\t\t<\/div><\/figure><figure class='gallery-item'>\n\t\t\t<div class='gallery-icon portrait'>\n\t\t\t\t<a href='https:\/\/blogsaverroes.juntadeandalucia.es\/ies-murillo\/lenguaje-inclusivo-para-la-equidad-de-genero\/infografia-lenguaje-inclusivo-1\/'><img loading=\"lazy\" decoding=\"async\" width=\"410\" height=\"1024\" src=\"https:\/\/blogsaverroes.juntadeandalucia.es\/ies-murillo\/files\/2024\/06\/Infografia-lenguaje-inclusivo-1-410x1024.png\" class=\"attachment-large size-large\" alt=\"\" srcset=\"https:\/\/blogsaverroes.juntadeandalucia.es\/ies-murillo\/files\/2024\/06\/Infografia-lenguaje-inclusivo-1-410x1024.png 410w, https:\/\/blogsaverroes.juntadeandalucia.es\/ies-murillo\/files\/2024\/06\/Infografia-lenguaje-inclusivo-1-120x300.png 120w, https:\/\/blogsaverroes.juntadeandalucia.es\/ies-murillo\/files\/2024\/06\/Infografia-lenguaje-inclusivo-1-768x1920.png 768w, https:\/\/blogsaverroes.juntadeandalucia.es\/ies-murillo\/files\/2024\/06\/Infografia-lenguaje-inclusivo-1-819x2048.png 819w, https:\/\/blogsaverroes.juntadeandalucia.es\/ies-murillo\/files\/2024\/06\/Infografia-lenguaje-inclusivo-1.png 1250w\" sizes=\"(max-width: 410px) 100vw, 410px\" \/><\/a>\n\t\t\t<\/div><\/figure>\n\t\t<\/div>\n\n","protected":false},"excerpt":{"rendered":"<p>Dentro del m\u00f3dulo de Metodolog\u00eda de la Integraci\u00f3n Social, del ciclo de Mediaci\u00f3n Comunicativa, se ha hecho un concurso con el alumnado para visibilizar y&hellip;<\/p>\n","protected":false},"author":4140,"featured_media":11612,"comment_status":"closed","ping_status":"open","sticky":false,"template":"","format":"standard","meta":{"ngg_post_thumbnail":0,"footnotes":""},"categories":[41],"tags":[286,191],"aioseo_notices":[],"_links":{"self":[{"href":"https:\/\/blogsaverroes.juntadeandalucia.es\/ies-murillo\/wp-json\/wp\/v2\/posts\/11610"}],"collection":[{"href":"https:\/\/blogsaverroes.juntadeandalucia.es\/ies-murillo\/wp-json\/wp\/v2\/posts"}],"about":[{"href":"https:\/\/blogsaverroes.juntadeandalucia.es\/ies-murillo\/wp-json\/wp\/v2\/types\/post"}],"author":[{"embeddable":true,"href":"https:\/\/blogsaverroes.juntadeandalucia.es\/ies-murillo\/wp-json\/wp\/v2\/users\/4140"}],"replies":[{"embeddable":true,"href":"https:\/\/blogsaverroes.juntadeandalucia.es\/ies-murillo\/wp-json\/wp\/v2\/comments?post=11610"}],"version-history":[{"count":2,"href":"https:\/\/blogsaverroes.juntadeandalucia.es\/ies-murillo\/wp-json\/wp\/v2\/posts\/11610\/revisions"}],"predecessor-version":[{"id":11614,"href":"https:\/\/blogsaverroes.juntadeandalucia.es\/ies-murillo\/wp-json\/wp\/v2\/posts\/11610\/revisions\/11614"}],"wp:featuredmedia":[{"embeddable":true,"href":"https:\/\/blogsaverroes.juntadeandalucia.es\/ies-murillo\/wp-json\/wp\/v2\/media\/11612"}],"wp:attachment":[{"href":"https:\/\/blogsaverroes.juntadeandalucia.es\/ies-murillo\/wp-json\/wp\/v2\/media?parent=11610"}],"wp:term":[{"taxonomy":"category","embeddable":true,"href":"https:\/\/blogsaverroes.juntadeandalucia.es\/ies-murillo\/wp-json\/wp\/v2\/categories?post=11610"},{"taxonomy":"post_tag","embeddable":true,"href":"https:\/\/blogsaverroes.juntadeandalucia.es\/ies-murillo\/wp-json\/wp\/v2\/tags?post=11610"}],"curies":[{"name":"wp","href":"https:\/\/api.w.org\/{rel}","templated":true}]}}