{"id":12128,"date":"2025-03-05T11:12:58","date_gmt":"2025-03-05T10:12:58","guid":{"rendered":"https:\/\/blogsaverroes.juntadeandalucia.es\/ies-murillo\/?p=12128"},"modified":"2025-03-03T13:29:54","modified_gmt":"2025-03-03T12:29:54","slug":"encuentro-erasmus-viveros-de-paz-en-el-ies-murillo","status":"publish","type":"post","link":"https:\/\/blogsaverroes.juntadeandalucia.es\/ies-murillo\/encuentro-erasmus-viveros-de-paz-en-el-ies-murillo\/","title":{"rendered":"Encuentro Erasmus+ \u00abViveros de Paz\u00bb en el IES Murillo"},"content":{"rendered":"<p data-start=\"59\" data-end=\"369\">Del 15 al 23 de febrero de 2025, el IES Murillo ha tenido el honor de recibir a un grupo de estudiantes provenientes de <strong data-start=\"179\" data-end=\"191\">Beaumont<\/strong> en el marco del Encuentro Erasmus+ \u00abViveros de Paz\u00bb. Esta iniciativa internacional promueve la convivencia, la solidaridad y la cultura de paz entre j\u00f3venes de distintos pa\u00edses.<\/p>\n<p data-start=\"371\" data-end=\"642\">Durante toda la semana, el alumnado de Beaumont que visit\u00f3 nuestro centro tuvo la oportunidad de participar en una amplia variedad de actividades dise\u00f1adas para fomentar valores de inclusi\u00f3n, respeto y trabajo en equipo. Algunas de las experiencias m\u00e1s destacadas fueron:<\/p>\n<p data-start=\"644\" data-end=\"1755\">\ud83d\udd39 <strong data-start=\"647\" data-end=\"683\">Ruta cultural de paz en Sevilla:<\/strong> Un recorrido por lugares emblem\u00e1ticos de la ciudad con un enfoque en la convivencia y la historia de la paz.<br data-start=\"792\" data-end=\"795\">\ud83d\udd39 <strong data-start=\"798\" data-end=\"845\">Talleres de convivencia y buenas pr\u00e1cticas:<\/strong> Espacios de reflexi\u00f3n y aprendizaje sobre el cuidado mutuo y la resoluci\u00f3n pac\u00edfica de conflictos.<br data-start=\"944\" data-end=\"947\">\ud83d\udd39 <strong data-start=\"950\" data-end=\"988\">Visitas a organizaciones sociales:<\/strong> Actividades con C\u00e1ritas, ACCEM, Sevilla Acoge y la Asociaci\u00f3n Pro Derechos Humanos de Andaluc\u00eda, que permitieron conocer proyectos de inclusi\u00f3n y apoyo a personas en situaci\u00f3n de vulnerabilidad.<br data-start=\"1183\" data-end=\"1186\">\ud83d\udd39 <strong data-start=\"1189\" data-end=\"1243\">Reforestaci\u00f3n en la Isla de Tercia (San Jer\u00f3nimo):<\/strong> Una acci\u00f3n medioambiental para fomentar la conciencia ecol\u00f3gica y el compromiso con la sostenibilidad.<br data-start=\"1346\" data-end=\"1349\">\ud83d\udd39 <strong data-start=\"1352\" data-end=\"1375\">Excursi\u00f3n a Huelva:<\/strong> Visita a lugares hist\u00f3ricos como Palos de la Frontera, La R\u00e1bida y Moguer, reforzando el aprendizaje sobre el legado cultural y cient\u00edfico de la regi\u00f3n.<br data-start=\"1528\" data-end=\"1531\">\ud83d\udd39 <strong data-start=\"1534\" data-end=\"1569\">Clausura y entrega de diplomas:<\/strong> Como cierre del encuentro, se elabor\u00f3 un producto multimedia con las experiencias vividas, se present\u00f3 el logo del proyecto y se realiz\u00f3 una emotiva despedida con una comida compartida.<\/p>\n<p data-start=\"1757\" data-end=\"2037\">Este encuentro no solo ha permitido a los estudiantes de Beaumont compartir sus experiencias con otros j\u00f3venes, sino que tambi\u00e9n ha fortalecido la cooperaci\u00f3n internacional y demostrado que la educaci\u00f3n es una herramienta fundamental para construir un mundo m\u00e1s justo y solidario.<\/p>\n<p data-start=\"2039\" data-end=\"2248\">Desde el IES Murillo, reafirmamos nuestro compromiso con la promoci\u00f3n de iniciativas internacionales que enriquecen la formaci\u00f3n de nuestros estudiantes y los preparan para afrontar los desaf\u00edos del siglo XXI.<\/p>\n<p data-start=\"2330\" data-end=\"2434\" data-is-last-node=\"\" data-is-only-node=\"\">#ErasmusPlus #ViverosDePaz #IESMurillo #CulturaDePaz #Educaci\u00f3n #IntercambioCultural #J\u00f3venesPorElCambio<\/p>\n<div style=\"width: 843px;\" class=\"wp-video\"><!--[if lt IE 9]><script>document.createElement('video');<\/script><![endif]-->\n<video class=\"wp-video-shortcode\" id=\"video-12128-1\" width=\"843\" height=\"843\" preload=\"metadata\" controls=\"controls\"><source type=\"video\/mp4\" src=\"https:\/\/blogsaverroes.juntadeandalucia.es\/ies-murillo\/files\/2025\/03\/Erasmus-3.mp4?_=1\" \/><a href=\"https:\/\/blogsaverroes.juntadeandalucia.es\/ies-murillo\/files\/2025\/03\/Erasmus-3.mp4\">https:\/\/blogsaverroes.juntadeandalucia.es\/ies-murillo\/files\/2025\/03\/Erasmus-3.mp4<\/a><\/video><\/div>\n","protected":false},"excerpt":{"rendered":"<p>Del 15 al 23 de febrero de 2025, el IES Murillo ha tenido el honor de recibir a un grupo de estudiantes provenientes de Beaumont&hellip;<\/p>\n","protected":false},"author":4140,"featured_media":12129,"comment_status":"closed","ping_status":"open","sticky":false,"template":"","format":"standard","meta":{"ngg_post_thumbnail":0,"footnotes":""},"categories":[282],"tags":[],"aioseo_notices":[],"_links":{"self":[{"href":"https:\/\/blogsaverroes.juntadeandalucia.es\/ies-murillo\/wp-json\/wp\/v2\/posts\/12128"}],"collection":[{"href":"https:\/\/blogsaverroes.juntadeandalucia.es\/ies-murillo\/wp-json\/wp\/v2\/posts"}],"about":[{"href":"https:\/\/blogsaverroes.juntadeandalucia.es\/ies-murillo\/wp-json\/wp\/v2\/types\/post"}],"author":[{"embeddable":true,"href":"https:\/\/blogsaverroes.juntadeandalucia.es\/ies-murillo\/wp-json\/wp\/v2\/users\/4140"}],"replies":[{"embeddable":true,"href":"https:\/\/blogsaverroes.juntadeandalucia.es\/ies-murillo\/wp-json\/wp\/v2\/comments?post=12128"}],"version-history":[{"count":1,"href":"https:\/\/blogsaverroes.juntadeandalucia.es\/ies-murillo\/wp-json\/wp\/v2\/posts\/12128\/revisions"}],"predecessor-version":[{"id":12131,"href":"https:\/\/blogsaverroes.juntadeandalucia.es\/ies-murillo\/wp-json\/wp\/v2\/posts\/12128\/revisions\/12131"}],"wp:featuredmedia":[{"embeddable":true,"href":"https:\/\/blogsaverroes.juntadeandalucia.es\/ies-murillo\/wp-json\/wp\/v2\/media\/12129"}],"wp:attachment":[{"href":"https:\/\/blogsaverroes.juntadeandalucia.es\/ies-murillo\/wp-json\/wp\/v2\/media?parent=12128"}],"wp:term":[{"taxonomy":"category","embeddable":true,"href":"https:\/\/blogsaverroes.juntadeandalucia.es\/ies-murillo\/wp-json\/wp\/v2\/categories?post=12128"},{"taxonomy":"post_tag","embeddable":true,"href":"https:\/\/blogsaverroes.juntadeandalucia.es\/ies-murillo\/wp-json\/wp\/v2\/tags?post=12128"}],"curies":[{"name":"wp","href":"https:\/\/api.w.org\/{rel}","templated":true}]}}