{"id":1389,"date":"2022-09-30T13:08:15","date_gmt":"2022-09-30T12:08:15","guid":{"rendered":"https:\/\/blogsaverroes.juntadeandalucia.es\/ies-puerta-de-andalucia\/?p=1389"},"modified":"2022-09-30T13:53:34","modified_gmt":"2022-09-30T12:53:34","slug":"borrador-automatico","status":"publish","type":"post","link":"https:\/\/blogsaverroes.juntadeandalucia.es\/ies-puerta-de-andalucia\/borrador-automatico\/","title":{"rendered":"Renovaci\u00f3n del Consejo Escolar"},"content":{"rendered":"<p>[et_pb_section fb_built=&#8221;1&#8243; theme_builder_area=&#8221;post_content&#8221; _builder_version=&#8221;4.14.5&#8243; _module_preset=&#8221;default&#8221;][et_pb_row _builder_version=&#8221;4.14.5&#8243; _module_preset=&#8221;default&#8221; column_structure=&#8221;1_2,1_2&#8243; theme_builder_area=&#8221;post_content&#8221;][et_pb_column _builder_version=&#8221;4.14.5&#8243; _module_preset=&#8221;default&#8221; type=&#8221;1_2&#8243; theme_builder_area=&#8221;post_content&#8221;][et_pb_image _builder_version=&#8221;4.14.5&#8243; _module_preset=&#8221;default&#8221; theme_builder_area=&#8221;post_content&#8221; alt=&#8221;Consejo Escolar&#8221; title_text=&#8221;consejo escolar&#8221; src=&#8221;https:\/\/blogsaverroes.juntadeandalucia.es\/ies-puerta-de-andalucia\/files\/2022\/09\/consejo-escolar.jpg&#8221; hover_enabled=&#8221;0&#8243; sticky_enabled=&#8221;0&#8243;][\/et_pb_image][et_pb_text _builder_version=&#8221;4.14.5&#8243; _module_preset=&#8221;default&#8221; theme_builder_area=&#8221;post_content&#8221; hover_enabled=&#8221;0&#8243; sticky_enabled=&#8221;0&#8243;]<\/p>\n<p>Estimada comunidad educativa,<\/p>\n<p>Durante la ma\u00f1ana del lunes 3 de octubre&nbsp; se efectuar\u00e1 el sorteo para los componentes de la Junta Electoral para la renovaci\u00f3n de los consejos escolares durante este curso 22\/23. En el calendario que se adjunta podr\u00e1n ver las fechas para el proceso electoral, no obstante les iremos informando por este medio y a trav\u00e9s de la p\u00e1gina web de los plazos <a href=\"https:\/\/www.juntadeandalucia.es\/educacion\/portals\/delegate\/content\/d28a5665-4a81-4fd2-8803-ee5500ed9838\/Calendario%20de%20las%20elecciones%20a%20consejos%20escolares%202022\" target=\"_blank\" rel=\"noopener noreferrer\" data-saferedirecturl=\"https:\/\/www.google.com\/url?q=https:\/\/www.juntadeandalucia.es\/educacion\/portals\/delegate\/content\/d28a5665-4a81-4fd2-8803-ee5500ed9838\/Calendario%2520de%2520las%2520elecciones%2520a%2520consejos%2520escolares%25202022&amp;source=gmail&amp;ust=1664620443672000&amp;usg=AOvVaw3yqFtehSiUGRxfNhcmsiab\"><strong><span style=\"color: #0000ff\">https:\/\/www.juntadeandalucia.es\/educacion\/portals\/delegate\/content\/d28a5665-4a81-4fd2-8803-ee5500ed9838\/Calendario%20de%20las%20elecciones%20a%20consejos%20escolares%202022<\/span><\/strong><\/a><\/p>\n<p><a href=\"https:\/\/www.juntadeandalucia.es\/educacion\/portals\/web\/ced\/consejos-escolares\" target=\"_blank\" rel=\"noopener noreferrer\" data-saferedirecturl=\"https:\/\/www.google.com\/url?q=https:\/\/www.juntadeandalucia.es\/educacion\/portals\/web\/ced\/consejos-escolares&amp;source=gmail&amp;ust=1664620443672000&amp;usg=AOvVaw3GTo7AnRYbHJdorB6hPEIt\"><strong><span style=\"color: #0000ff\">https:\/\/www.juntadeandalucia.es\/educacion\/portals\/web\/ced\/consejos-escolares<\/span><\/strong><\/a><\/p>\n<p>Desde la direcci\u00f3n del centro les animamos a formar parte del Consejo Escolar del centro para participar de forma activa en las decisiones del centro.&nbsp;<\/p>\n<p>[\/et_pb_text][\/et_pb_column][et_pb_column _builder_version=&#8221;4.14.5&#8243; _module_preset=&#8221;default&#8221; type=&#8221;1_2&#8243; theme_builder_area=&#8221;post_content&#8221;][\/et_pb_column][\/et_pb_row][\/et_pb_section]<\/p>\n","protected":false},"excerpt":{"rendered":"<p>[et_pb_section fb_built=&#8221;1&#8243; theme_builder_area=&#8221;post_content&#8221; _builder_version=&#8221;4.14.5&#8243; _module_preset=&#8221;default&#8221;][et_pb_row _builder_version=&#8221;4.14.5&#8243; _module_preset=&#8221;default&#8221; column_structure=&#8221;1_2,1_2&#8243; theme_builder_area=&#8221;post_content&#8221;][et_pb_column _builder_version=&#8221;4.14.5&#8243; _module_preset=&#8221;default&#8221; type=&#8221;1_2&#8243; theme_builder_area=&#8221;post_content&#8221;][et_pb_image _builder_version=&#8221;4.14.5&#8243; _module_preset=&#8221;default&#8221; theme_builder_area=&#8221;post_content&#8221; alt=&#8221;Consejo Escolar&#8221; title_text=&#8221;consejo escolar&#8221; src=&#8221;https:\/\/blogsaverroes.juntadeandalucia.es\/ies-puerta-de-andalucia\/files\/2022\/09\/consejo-escolar.jpg&#8221; hover_enabled=&#8221;0&#8243; sticky_enabled=&#8221;0&#8243;][\/et_pb_image][et_pb_text _builder_version=&#8221;4.14.5&#8243; _module_preset=&#8221;default&#8221; theme_builder_area=&#8221;post_content&#8221; hover_enabled=&#8221;0&#8243; sticky_enabled=&#8221;0&#8243;] Estimada comunidad educativa, Durante la ma\u00f1ana&#46;&#46;&#46;<\/p>\n","protected":false},"author":15484,"featured_media":0,"comment_status":"closed","ping_status":"open","sticky":false,"template":"","format":"standard","meta":{"ngg_post_thumbnail":0,"footnotes":""},"categories":[18],"tags":[],"aioseo_notices":[],"_links":{"self":[{"href":"https:\/\/blogsaverroes.juntadeandalucia.es\/ies-puerta-de-andalucia\/wp-json\/wp\/v2\/posts\/1389"}],"collection":[{"href":"https:\/\/blogsaverroes.juntadeandalucia.es\/ies-puerta-de-andalucia\/wp-json\/wp\/v2\/posts"}],"about":[{"href":"https:\/\/blogsaverroes.juntadeandalucia.es\/ies-puerta-de-andalucia\/wp-json\/wp\/v2\/types\/post"}],"author":[{"embeddable":true,"href":"https:\/\/blogsaverroes.juntadeandalucia.es\/ies-puerta-de-andalucia\/wp-json\/wp\/v2\/users\/15484"}],"replies":[{"embeddable":true,"href":"https:\/\/blogsaverroes.juntadeandalucia.es\/ies-puerta-de-andalucia\/wp-json\/wp\/v2\/comments?post=1389"}],"version-history":[{"count":23,"href":"https:\/\/blogsaverroes.juntadeandalucia.es\/ies-puerta-de-andalucia\/wp-json\/wp\/v2\/posts\/1389\/revisions"}],"predecessor-version":[{"id":1439,"href":"https:\/\/blogsaverroes.juntadeandalucia.es\/ies-puerta-de-andalucia\/wp-json\/wp\/v2\/posts\/1389\/revisions\/1439"}],"wp:attachment":[{"href":"https:\/\/blogsaverroes.juntadeandalucia.es\/ies-puerta-de-andalucia\/wp-json\/wp\/v2\/media?parent=1389"}],"wp:term":[{"taxonomy":"category","embeddable":true,"href":"https:\/\/blogsaverroes.juntadeandalucia.es\/ies-puerta-de-andalucia\/wp-json\/wp\/v2\/categories?post=1389"},{"taxonomy":"post_tag","embeddable":true,"href":"https:\/\/blogsaverroes.juntadeandalucia.es\/ies-puerta-de-andalucia\/wp-json\/wp\/v2\/tags?post=1389"}],"curies":[{"name":"wp","href":"https:\/\/api.w.org\/{rel}","templated":true}]}}