{"id":4987,"date":"2021-07-01T09:22:15","date_gmt":"2021-07-01T09:22:15","guid":{"rendered":"https:\/\/blogsaverroes.juntadeandalucia.es\/iesalbaida\/?p=4987"},"modified":"2021-07-01T10:01:49","modified_gmt":"2021-07-01T10:01:49","slug":"calendario-de-examenes-de-septiembre","status":"publish","type":"post","link":"https:\/\/blogsaverroes.juntadeandalucia.es\/iesalbaida\/2021\/07\/01\/calendario-de-examenes-de-septiembre\/","title":{"rendered":"Calendarios de ex\u00e1menes de septiembre"},"content":{"rendered":"<p>Pulsa en los siguientes enlaces para ver los calendarios de ex\u00e1menes de Septiembre:<\/p>\n<ul>\n<li><a href=\"https:\/\/drive.google.com\/file\/d\/1QQZ0YrT_sHaODO4ttG45kK-yA0muz2Zc\/preview\" target=\"_blank\" rel=\"noopener noreferrer\">Calendario de ex\u00e1menes de Evaluaci\u00f3n Extraordinaria de Septiembre para alumnado en <strong>R\u00e9gimen Ordinario<\/strong><\/a><strong>.<\/strong><\/li>\n<li><a href=\"https:\/\/docs.google.com\/document\/d\/16ji_Nv0lHpQgGEbVYCRlxyxrGDhWVUJ7syzDSsJAEe8\/preview\" target=\"_blank\" rel=\"noopener noreferrer\">Calendario de ex\u00e1menes de Evaluaci\u00f3n Extraordinaria de Septiembre para alumnado de <strong>Educaci\u00f3n Permanente<\/strong><\/a>.<\/li>\n<\/ul>\n","protected":false},"excerpt":{"rendered":"<p>Pulsa en los siguientes enlaces para ver los calendarios de ex\u00e1menes de Septiembre: Calendario de ex\u00e1menes de Evaluaci\u00f3n Extraordinaria de Septiembre para alumnado en R\u00e9gimen Ordinario. Calendario de ex\u00e1menes de Evaluaci\u00f3n Extraordinaria de Septiembre para alumnado de Educaci\u00f3n Permanente.<\/p>\n","protected":false},"author":5106,"featured_media":0,"comment_status":"open","ping_status":"open","sticky":false,"template":"","format":"standard","meta":{"ngg_post_thumbnail":0,"footnotes":""},"categories":[11909],"tags":[],"aioseo_notices":[],"_links":{"self":[{"href":"https:\/\/blogsaverroes.juntadeandalucia.es\/iesalbaida\/wp-json\/wp\/v2\/posts\/4987"}],"collection":[{"href":"https:\/\/blogsaverroes.juntadeandalucia.es\/iesalbaida\/wp-json\/wp\/v2\/posts"}],"about":[{"href":"https:\/\/blogsaverroes.juntadeandalucia.es\/iesalbaida\/wp-json\/wp\/v2\/types\/post"}],"author":[{"embeddable":true,"href":"https:\/\/blogsaverroes.juntadeandalucia.es\/iesalbaida\/wp-json\/wp\/v2\/users\/5106"}],"replies":[{"embeddable":true,"href":"https:\/\/blogsaverroes.juntadeandalucia.es\/iesalbaida\/wp-json\/wp\/v2\/comments?post=4987"}],"version-history":[{"count":4,"href":"https:\/\/blogsaverroes.juntadeandalucia.es\/iesalbaida\/wp-json\/wp\/v2\/posts\/4987\/revisions"}],"predecessor-version":[{"id":4992,"href":"https:\/\/blogsaverroes.juntadeandalucia.es\/iesalbaida\/wp-json\/wp\/v2\/posts\/4987\/revisions\/4992"}],"wp:attachment":[{"href":"https:\/\/blogsaverroes.juntadeandalucia.es\/iesalbaida\/wp-json\/wp\/v2\/media?parent=4987"}],"wp:term":[{"taxonomy":"category","embeddable":true,"href":"https:\/\/blogsaverroes.juntadeandalucia.es\/iesalbaida\/wp-json\/wp\/v2\/categories?post=4987"},{"taxonomy":"post_tag","embeddable":true,"href":"https:\/\/blogsaverroes.juntadeandalucia.es\/iesalbaida\/wp-json\/wp\/v2\/tags?post=4987"}],"curies":[{"name":"wp","href":"https:\/\/api.w.org\/{rel}","templated":true}]}}