{"id":5002,"date":"2021-08-04T18:33:17","date_gmt":"2021-08-04T18:33:17","guid":{"rendered":"https:\/\/blogsaverroes.juntadeandalucia.es\/iesalbaida\/?p=5002"},"modified":"2021-08-04T18:33:17","modified_gmt":"2021-08-04T18:33:17","slug":"triste-perdida","status":"publish","type":"post","link":"https:\/\/blogsaverroes.juntadeandalucia.es\/iesalbaida\/2021\/08\/04\/triste-perdida\/","title":{"rendered":"Triste p\u00e9rdida"},"content":{"rendered":"<p>La comunidad educativa del IES Albaida quiere transmitir su m\u00e1s sentido p\u00e9same a la familia y amigos de Marcos Mohedano Ram\u00edrez. Marcos, que iba a comenzar el pr\u00f3ximo curso su etapa de ESO en nuestro centro procedente del CEIP Gin\u00e9s Morata, <a href=\"https:\/\/www.lavozdealmeria.com\/noticia\/338\/ud-almeria\/219527\/muere-un-nino-de-12-anos-tras-desmayarse-jugando-al-futbol-en-huecija\" target=\"_blank\" rel=\"noopener noreferrer\">ha fallecido inesperadamente mientras practicaba su deporte favorito<\/a>. Descanse en Paz.<\/p>\n<p><img decoding=\"async\" class=\"aligncenter\" src=\"https:\/\/i1.wp.com\/clipart-library.com\/new_gallery\/74600_black-ribbon-png.png\" width=\"50%\"><\/p>\n","protected":false},"excerpt":{"rendered":"<p>La comunidad educativa del IES Albaida quiere transmitir su m\u00e1s sentido p\u00e9same a la familia y amigos de Marcos Mohedano Ram\u00edrez. Marcos, que iba a comenzar el pr\u00f3ximo curso su etapa de ESO en nuestro centro procedente del CEIP Gin\u00e9s Morata, ha fallecido inesperadamente mientras practicaba su deporte favorito. Descanse en Paz.<\/p>\n","protected":false},"author":5106,"featured_media":0,"comment_status":"open","ping_status":"open","sticky":false,"template":"","format":"standard","meta":{"ngg_post_thumbnail":0,"footnotes":""},"categories":[11909],"tags":[],"aioseo_notices":[],"_links":{"self":[{"href":"https:\/\/blogsaverroes.juntadeandalucia.es\/iesalbaida\/wp-json\/wp\/v2\/posts\/5002"}],"collection":[{"href":"https:\/\/blogsaverroes.juntadeandalucia.es\/iesalbaida\/wp-json\/wp\/v2\/posts"}],"about":[{"href":"https:\/\/blogsaverroes.juntadeandalucia.es\/iesalbaida\/wp-json\/wp\/v2\/types\/post"}],"author":[{"embeddable":true,"href":"https:\/\/blogsaverroes.juntadeandalucia.es\/iesalbaida\/wp-json\/wp\/v2\/users\/5106"}],"replies":[{"embeddable":true,"href":"https:\/\/blogsaverroes.juntadeandalucia.es\/iesalbaida\/wp-json\/wp\/v2\/comments?post=5002"}],"version-history":[{"count":7,"href":"https:\/\/blogsaverroes.juntadeandalucia.es\/iesalbaida\/wp-json\/wp\/v2\/posts\/5002\/revisions"}],"predecessor-version":[{"id":5009,"href":"https:\/\/blogsaverroes.juntadeandalucia.es\/iesalbaida\/wp-json\/wp\/v2\/posts\/5002\/revisions\/5009"}],"wp:attachment":[{"href":"https:\/\/blogsaverroes.juntadeandalucia.es\/iesalbaida\/wp-json\/wp\/v2\/media?parent=5002"}],"wp:term":[{"taxonomy":"category","embeddable":true,"href":"https:\/\/blogsaverroes.juntadeandalucia.es\/iesalbaida\/wp-json\/wp\/v2\/categories?post=5002"},{"taxonomy":"post_tag","embeddable":true,"href":"https:\/\/blogsaverroes.juntadeandalucia.es\/iesalbaida\/wp-json\/wp\/v2\/tags?post=5002"}],"curies":[{"name":"wp","href":"https:\/\/api.w.org\/{rel}","templated":true}]}}