{"id":5409,"date":"2023-03-13T12:38:13","date_gmt":"2023-03-13T12:38:13","guid":{"rendered":"https:\/\/blogsaverroes.juntadeandalucia.es\/iesalbaida\/?p=5409"},"modified":"2023-04-24T09:56:22","modified_gmt":"2023-04-24T09:56:22","slug":"olimpicos-del-ies-albaida","status":"publish","type":"post","link":"https:\/\/blogsaverroes.juntadeandalucia.es\/iesalbaida\/2023\/03\/13\/olimpicos-del-ies-albaida\/","title":{"rendered":"\u00abOl\u00edmpicos\u00bb del IES Albaida"},"content":{"rendered":"<p>Por segundo a\u00f1o consecutivo, nuestro alumnado de la Educaci\u00f3n Secundaria Obligatoria ha participado en la <em>Olimpiada Educativa EntreRedes<\/em> que patrocina la <em>Red El\u00e9ctrica de Espa\u00f1a<\/em>.<br \/>\nEl pasado martes, 7 de marzo, se celebr\u00f3 la final provincial en la que nos enfrentamos a cuatro centros de Almer\u00eda con un equipo formado por cuatro componentes de cada nivel.&nbsp;<br \/>\nNuestro alumnado tuvo una actuaci\u00f3n brillante llegando a conseguir una plaza para la competici\u00f3n auton\u00f3mica que se desarrollar\u00e1 en el mes de abril.&nbsp;Los equipos seleccionados son de los niveles 2\u00ba, 3\u00ba y 4\u00ba de ESO.&nbsp;<br \/>\nEnhorabuena chic@s!!!!&nbsp;&nbsp;<br \/>\nA seguir entrenando<\/p>\n<div>&nbsp;<img decoding=\"async\" class=\"an1\" src=\"https:\/\/fonts.gstatic.com\/s\/e\/notoemoji\/15.0\/1f4aa\/72.png\" alt=\"\ud83d\udcaa\" data-emoji=\"\ud83d\udcaa\" aria-label=\"\ud83d\udcaa\"><\/div>\n<div>\n<p><a href=\"https:\/\/blogsaverroes.juntadeandalucia.es\/iesalbaida\/files\/2023\/03\/IMG_20230307_115951-scaled.jpg\"><img fetchpriority=\"high\" decoding=\"async\" class=\"alignnone size-full wp-image-5411\" src=\"https:\/\/blogsaverroes.juntadeandalucia.es\/iesalbaida\/files\/2023\/03\/IMG_20230307_115951-scaled.jpg\" alt=\"\" width=\"1600\" height=\"1200\" srcset=\"https:\/\/blogsaverroes.juntadeandalucia.es\/iesalbaida\/files\/2023\/03\/IMG_20230307_115951-scaled.jpg 1600w, https:\/\/blogsaverroes.juntadeandalucia.es\/iesalbaida\/files\/2023\/03\/IMG_20230307_115951-300x225.jpg 300w, https:\/\/blogsaverroes.juntadeandalucia.es\/iesalbaida\/files\/2023\/03\/IMG_20230307_115951-1024x768.jpg 1024w, https:\/\/blogsaverroes.juntadeandalucia.es\/iesalbaida\/files\/2023\/03\/IMG_20230307_115951-768x576.jpg 768w, https:\/\/blogsaverroes.juntadeandalucia.es\/iesalbaida\/files\/2023\/03\/IMG_20230307_115951-1536x1152.jpg 1536w, https:\/\/blogsaverroes.juntadeandalucia.es\/iesalbaida\/files\/2023\/03\/IMG_20230307_115951-2048x1536.jpg 2048w\" sizes=\"(max-width: 1600px) 100vw, 1600px\" \/><\/a><\/p>\n<\/div>\n","protected":false},"excerpt":{"rendered":"<p>Por segundo a\u00f1o consecutivo, nuestro alumnado de la Educaci\u00f3n Secundaria Obligatoria ha participado en la Olimpiada Educativa EntreRedes que patrocina la Red El\u00e9ctrica de Espa\u00f1a. El pasado martes, 7 de marzo, se celebr\u00f3 la final provincial en la que nos enfrentamos a cuatro centros de Almer\u00eda con un equipo formado por cuatro componentes de cada [&hellip;]<\/p>\n","protected":false},"author":5106,"featured_media":0,"comment_status":"closed","ping_status":"open","sticky":false,"template":"","format":"standard","meta":{"ngg_post_thumbnail":0,"footnotes":""},"categories":[5991,1904107,1904119,1904126,526,1904122],"tags":[],"aioseo_notices":[],"_links":{"self":[{"href":"https:\/\/blogsaverroes.juntadeandalucia.es\/iesalbaida\/wp-json\/wp\/v2\/posts\/5409"}],"collection":[{"href":"https:\/\/blogsaverroes.juntadeandalucia.es\/iesalbaida\/wp-json\/wp\/v2\/posts"}],"about":[{"href":"https:\/\/blogsaverroes.juntadeandalucia.es\/iesalbaida\/wp-json\/wp\/v2\/types\/post"}],"author":[{"embeddable":true,"href":"https:\/\/blogsaverroes.juntadeandalucia.es\/iesalbaida\/wp-json\/wp\/v2\/users\/5106"}],"replies":[{"embeddable":true,"href":"https:\/\/blogsaverroes.juntadeandalucia.es\/iesalbaida\/wp-json\/wp\/v2\/comments?post=5409"}],"version-history":[{"count":4,"href":"https:\/\/blogsaverroes.juntadeandalucia.es\/iesalbaida\/wp-json\/wp\/v2\/posts\/5409\/revisions"}],"predecessor-version":[{"id":5414,"href":"https:\/\/blogsaverroes.juntadeandalucia.es\/iesalbaida\/wp-json\/wp\/v2\/posts\/5409\/revisions\/5414"}],"wp:attachment":[{"href":"https:\/\/blogsaverroes.juntadeandalucia.es\/iesalbaida\/wp-json\/wp\/v2\/media?parent=5409"}],"wp:term":[{"taxonomy":"category","embeddable":true,"href":"https:\/\/blogsaverroes.juntadeandalucia.es\/iesalbaida\/wp-json\/wp\/v2\/categories?post=5409"},{"taxonomy":"post_tag","embeddable":true,"href":"https:\/\/blogsaverroes.juntadeandalucia.es\/iesalbaida\/wp-json\/wp\/v2\/tags?post=5409"}],"curies":[{"name":"wp","href":"https:\/\/api.w.org\/{rel}","templated":true}]}}