{"id":5474,"date":"2023-05-09T07:01:48","date_gmt":"2023-05-09T07:01:48","guid":{"rendered":"https:\/\/blogsaverroes.juntadeandalucia.es\/iesalbaida\/?p=5474"},"modified":"2023-05-09T07:01:48","modified_gmt":"2023-05-09T07:01:48","slug":"guia-de-matriculacion-en-formacion-profesional-curso-23-24","status":"publish","type":"post","link":"https:\/\/blogsaverroes.juntadeandalucia.es\/iesalbaida\/2023\/05\/09\/guia-de-matriculacion-en-formacion-profesional-curso-23-24\/","title":{"rendered":"Gu\u00eda de matriculaci\u00f3n en Formaci\u00f3n Profesional: Curso 23-24"},"content":{"rendered":"<p>Gu\u00eda de Matriculaci\u00f3n para el alumnado que contin\u00faa su Ciclo Formativo en el IES Albaida<br \/>\nSi quieres ver el <a href=\"https:\/\/docs.google.com\/document\/d\/e\/2PACX-1vQr-fFda-eoCq7tbAUybEscvVZodPki-_dQ5-7YmOGi0uK4RNHPrZTR2UzEzeBkdVGHxJfhUfgSqoI2\/pub\" target=\"_blank\" rel=\"noopener noreferrer\">documento completo pulsa aqu\u00ed<\/a>.<\/p>\n<p><iframe src=\"https:\/\/docs.google.com\/document\/d\/e\/2PACX-1vQr-fFda-eoCq7tbAUybEscvVZodPki-_dQ5-7YmOGi0uK4RNHPrZTR2UzEzeBkdVGHxJfhUfgSqoI2\/pub?embedded=true\" width=\"1000px\" height=\"700px\"><span style=\"width: 0px;overflow: hidden;line-height: 0\" data-mce-type=\"bookmark\" class=\"mce_SELRES_start\">\ufeff<\/span><\/iframe><\/p>\n","protected":false},"excerpt":{"rendered":"<p>Gu\u00eda de Matriculaci\u00f3n para el alumnado que contin\u00faa su Ciclo Formativo en el IES Albaida Si quieres ver el documento completo pulsa aqu\u00ed. \ufeff<\/p>\n","protected":false},"author":5106,"featured_media":0,"comment_status":"closed","ping_status":"open","sticky":false,"template":"","format":"standard","meta":{"ngg_post_thumbnail":0,"footnotes":""},"categories":[1904107,1904124,1318580,1160359,1904109,11909],"tags":[],"aioseo_notices":[],"_links":{"self":[{"href":"https:\/\/blogsaverroes.juntadeandalucia.es\/iesalbaida\/wp-json\/wp\/v2\/posts\/5474"}],"collection":[{"href":"https:\/\/blogsaverroes.juntadeandalucia.es\/iesalbaida\/wp-json\/wp\/v2\/posts"}],"about":[{"href":"https:\/\/blogsaverroes.juntadeandalucia.es\/iesalbaida\/wp-json\/wp\/v2\/types\/post"}],"author":[{"embeddable":true,"href":"https:\/\/blogsaverroes.juntadeandalucia.es\/iesalbaida\/wp-json\/wp\/v2\/users\/5106"}],"replies":[{"embeddable":true,"href":"https:\/\/blogsaverroes.juntadeandalucia.es\/iesalbaida\/wp-json\/wp\/v2\/comments?post=5474"}],"version-history":[{"count":4,"href":"https:\/\/blogsaverroes.juntadeandalucia.es\/iesalbaida\/wp-json\/wp\/v2\/posts\/5474\/revisions"}],"predecessor-version":[{"id":5478,"href":"https:\/\/blogsaverroes.juntadeandalucia.es\/iesalbaida\/wp-json\/wp\/v2\/posts\/5474\/revisions\/5478"}],"wp:attachment":[{"href":"https:\/\/blogsaverroes.juntadeandalucia.es\/iesalbaida\/wp-json\/wp\/v2\/media?parent=5474"}],"wp:term":[{"taxonomy":"category","embeddable":true,"href":"https:\/\/blogsaverroes.juntadeandalucia.es\/iesalbaida\/wp-json\/wp\/v2\/categories?post=5474"},{"taxonomy":"post_tag","embeddable":true,"href":"https:\/\/blogsaverroes.juntadeandalucia.es\/iesalbaida\/wp-json\/wp\/v2\/tags?post=5474"}],"curies":[{"name":"wp","href":"https:\/\/api.w.org\/{rel}","templated":true}]}}