{"id":5593,"date":"2024-01-25T12:01:19","date_gmt":"2024-01-25T12:01:19","guid":{"rendered":"https:\/\/blogsaverroes.juntadeandalucia.es\/iesalbaida\/?p=5593"},"modified":"2024-01-25T12:01:19","modified_gmt":"2024-01-25T12:01:19","slug":"charlas-taller-de-el-telefono-de-la-esperanza","status":"publish","type":"post","link":"https:\/\/blogsaverroes.juntadeandalucia.es\/iesalbaida\/2024\/01\/25\/charlas-taller-de-el-telefono-de-la-esperanza\/","title":{"rendered":"Charlas Taller de El Tel\u00e9fono de la Esperanza"},"content":{"rendered":"<p>Algunos grupos de alumnado de nuestro centro han participado en una charla-taller impartida por Lola Ca\u00f1adas, de la entidad de Voluntariado <strong>Tel\u00e9fono de la Esperanza<\/strong> titulada <em>\u00abCu\u00eddate, qui\u00e9rete: Propuestas de Salud\u00bb<\/em>. Puedes saber m\u00e1s sobre <a href=\"https:\/\/sites.google.com\/g.educaand.es\/sanidadalbaida\/actividades_1?authuser=0#h.4giot7rzpuz4\" target=\"_blank\" rel=\"noopener noreferrer\">la noticia en el sitio web del Departamento de Sanidad<\/a>.<\/p>\n<p>Desde el Tel\u00e9fono de la Esperanza&nbsp; quieren tambi\u00e9n invitar a toda la comunidad educativa a participar y completar la formaci\u00f3n en el Curso-taller pr\u00e1ctico <a href=\"https:\/\/telefonodelaesperanza.org\/almeria\/cursos-y-talleres\/cursotaller-practico-cuidate-quierete-aprende-a-sobrevivir-tu-adolescencia-10010\" target=\"_blank\" rel=\"noopener noreferrer\"><em>\u00abCu\u00eddate, qui\u00e9rete: aprende a sobrevivir tu adolescencia<\/em>\u00ab<\/a>, que se va a llevar a cabo desde el 25 de enero, durante cinco sesiones.<\/p>\n<p><iframe src=\"https:\/\/drive.google.com\/file\/d\/1BufHNDKTf8XITjvI_kWWLsPDLsS6T44R\/preview\" width=\"640\" height=\"480\"><\/iframe><\/p>\n","protected":false},"excerpt":{"rendered":"<p>Algunos grupos de alumnado de nuestro centro han participado en una charla-taller impartida por Lola Ca\u00f1adas, de la entidad de Voluntariado Tel\u00e9fono de la Esperanza titulada \u00abCu\u00eddate, qui\u00e9rete: Propuestas de Salud\u00bb. Puedes saber m\u00e1s sobre la noticia en el sitio web del Departamento de Sanidad. Desde el Tel\u00e9fono de la Esperanza&nbsp; quieren tambi\u00e9n invitar a [&hellip;]<\/p>\n","protected":false},"author":5106,"featured_media":0,"comment_status":"closed","ping_status":"open","sticky":false,"template":"","format":"standard","meta":{"ngg_post_thumbnail":0,"footnotes":""},"categories":[1318580,1160359,1904109],"tags":[],"aioseo_notices":[],"_links":{"self":[{"href":"https:\/\/blogsaverroes.juntadeandalucia.es\/iesalbaida\/wp-json\/wp\/v2\/posts\/5593"}],"collection":[{"href":"https:\/\/blogsaverroes.juntadeandalucia.es\/iesalbaida\/wp-json\/wp\/v2\/posts"}],"about":[{"href":"https:\/\/blogsaverroes.juntadeandalucia.es\/iesalbaida\/wp-json\/wp\/v2\/types\/post"}],"author":[{"embeddable":true,"href":"https:\/\/blogsaverroes.juntadeandalucia.es\/iesalbaida\/wp-json\/wp\/v2\/users\/5106"}],"replies":[{"embeddable":true,"href":"https:\/\/blogsaverroes.juntadeandalucia.es\/iesalbaida\/wp-json\/wp\/v2\/comments?post=5593"}],"version-history":[{"count":1,"href":"https:\/\/blogsaverroes.juntadeandalucia.es\/iesalbaida\/wp-json\/wp\/v2\/posts\/5593\/revisions"}],"predecessor-version":[{"id":5594,"href":"https:\/\/blogsaverroes.juntadeandalucia.es\/iesalbaida\/wp-json\/wp\/v2\/posts\/5593\/revisions\/5594"}],"wp:attachment":[{"href":"https:\/\/blogsaverroes.juntadeandalucia.es\/iesalbaida\/wp-json\/wp\/v2\/media?parent=5593"}],"wp:term":[{"taxonomy":"category","embeddable":true,"href":"https:\/\/blogsaverroes.juntadeandalucia.es\/iesalbaida\/wp-json\/wp\/v2\/categories?post=5593"},{"taxonomy":"post_tag","embeddable":true,"href":"https:\/\/blogsaverroes.juntadeandalucia.es\/iesalbaida\/wp-json\/wp\/v2\/tags?post=5593"}],"curies":[{"name":"wp","href":"https:\/\/api.w.org\/{rel}","templated":true}]}}