{"id":5658,"date":"2024-04-25T15:27:06","date_gmt":"2024-04-25T15:27:06","guid":{"rendered":"https:\/\/blogsaverroes.juntadeandalucia.es\/iesalbaida\/?p=5658"},"modified":"2024-04-25T15:27:06","modified_gmt":"2024-04-25T15:27:06","slug":"alumnos-de-3o-eso-seleccionados-para-el-concurso-the-challenge-de-educaixa","status":"publish","type":"post","link":"https:\/\/blogsaverroes.juntadeandalucia.es\/iesalbaida\/2024\/04\/25\/alumnos-de-3o-eso-seleccionados-para-el-concurso-the-challenge-de-educaixa\/","title":{"rendered":"Alumnos de 3\u00ba eso seleccionados para el concurso \u00abThe Challenge\u00bb de Educaixa"},"content":{"rendered":"<h2>Los alumnos de 3\u00ba eso han sido uno de los 100 equipos seleccionados para participar en el Campus \u00abThe Challenge_24\u00bb que se celebrar\u00e1 en Barcelona<\/h2>\n<p>Cuatro alumnos de 3\u00ba de ESO han participado en el programa \u00abThe Challenge\u00bb de Educaixa, y han sido unos de los 100 equipos seleccionados de entre m\u00e1s de 2000 proyectos de toda Espa\u00f1a. Participar\u00e1n en el Campus The Challenge que tendr\u00e1 lugar entre los d\u00edas 8 y 11 de mayo en Barcelona, donde tendr\u00e1n oportunidad de mejorar su proyecto y acceder al premio de un viaje formativo por EE.UU. durante 12 d\u00edas.<br \/>\n<a href=\"https:\/\/sites.google.com\/g.educaand.es\/proyecto-team-alme\/inicio\" rel=\"noopener\" target=\"_blank\">Enlace a nuestro proyecto<\/a><\/p>\n<p><iframe src=\"https:\/\/drive.google.com\/file\/d\/1xX9vZd2AImA5BRRRDgn13AZfngKZB6ny\/preview\" width=\"640\" height=\"480\"><\/iframe><\/p>\n","protected":false},"excerpt":{"rendered":"<p>Los alumnos de 3\u00ba eso han sido uno de los 100 equipos seleccionados para participar en el Campus \u00abThe Challenge_24\u00bb que se celebrar\u00e1 en Barcelona Cuatro alumnos de 3\u00ba de ESO han participado en el programa \u00abThe Challenge\u00bb de Educaixa, y han sido unos de los 100 equipos seleccionados de entre m\u00e1s de 2000 proyectos [&hellip;]<\/p>\n","protected":false},"author":5106,"featured_media":0,"comment_status":"closed","ping_status":"open","sticky":false,"template":"","format":"standard","meta":{"ngg_post_thumbnail":0,"footnotes":""},"categories":[11909],"tags":[],"aioseo_notices":[],"_links":{"self":[{"href":"https:\/\/blogsaverroes.juntadeandalucia.es\/iesalbaida\/wp-json\/wp\/v2\/posts\/5658"}],"collection":[{"href":"https:\/\/blogsaverroes.juntadeandalucia.es\/iesalbaida\/wp-json\/wp\/v2\/posts"}],"about":[{"href":"https:\/\/blogsaverroes.juntadeandalucia.es\/iesalbaida\/wp-json\/wp\/v2\/types\/post"}],"author":[{"embeddable":true,"href":"https:\/\/blogsaverroes.juntadeandalucia.es\/iesalbaida\/wp-json\/wp\/v2\/users\/5106"}],"replies":[{"embeddable":true,"href":"https:\/\/blogsaverroes.juntadeandalucia.es\/iesalbaida\/wp-json\/wp\/v2\/comments?post=5658"}],"version-history":[{"count":3,"href":"https:\/\/blogsaverroes.juntadeandalucia.es\/iesalbaida\/wp-json\/wp\/v2\/posts\/5658\/revisions"}],"predecessor-version":[{"id":5661,"href":"https:\/\/blogsaverroes.juntadeandalucia.es\/iesalbaida\/wp-json\/wp\/v2\/posts\/5658\/revisions\/5661"}],"wp:attachment":[{"href":"https:\/\/blogsaverroes.juntadeandalucia.es\/iesalbaida\/wp-json\/wp\/v2\/media?parent=5658"}],"wp:term":[{"taxonomy":"category","embeddable":true,"href":"https:\/\/blogsaverroes.juntadeandalucia.es\/iesalbaida\/wp-json\/wp\/v2\/categories?post=5658"},{"taxonomy":"post_tag","embeddable":true,"href":"https:\/\/blogsaverroes.juntadeandalucia.es\/iesalbaida\/wp-json\/wp\/v2\/tags?post=5658"}],"curies":[{"name":"wp","href":"https:\/\/api.w.org\/{rel}","templated":true}]}}