{"id":1135,"date":"2023-01-22T20:21:51","date_gmt":"2023-01-22T19:21:51","guid":{"rendered":"https:\/\/blogsaverroes.juntadeandalucia.es\/iesalcrebite\/?p=1135"},"modified":"2023-03-18T00:29:26","modified_gmt":"2023-03-17T23:29:26","slug":"vi-interescolar-de-ajedrez-2","status":"publish","type":"post","link":"https:\/\/blogsaverroes.juntadeandalucia.es\/iesalcrebite\/vi-interescolar-de-ajedrez-2\/","title":{"rendered":"VI Interescolar de Ajedrez"},"content":{"rendered":"<div class=\"x11i5rnm xat24cr x1mh8g0r x1vvkbs xdj266r x126k92a\">\n<div dir=\"auto\">Este s\u00e1bado, 24 de enero de 2023, se ha celebrado en las aulas del IES Alcrebite el VI Interescolar de Ajedrez por Equipos Ciudad de Baza, organizado por el Club Deportivo de Ajedrez Dama de Baza.<\/div>\n<\/div>\n<div class=\"x11i5rnm xat24cr x1mh8g0r x1vvkbs xtlvy1s x126k92a\">\n<div dir=\"auto\">Aproximadamente ochenta participantes, entre los 7 y 16 a\u00f1os, procedentes de V\u00e9lez-Rubio, Albox, Loja y la misma Baza han competido en este encuentro anual, disfrutando de la emoci\u00f3n de una competici\u00f3n basada en el sistema suizo a seis rondas.<\/div>\n<\/div>\n<div class=\"x11i5rnm xat24cr x1mh8g0r x1vvkbs xtlvy1s x126k92a\">\n<div dir=\"auto\">Los competidores han disfrutado de la jornada y de la experiencia acompa\u00f1ados de sus delegados y delegadas de equipo. Y aunque re\u00f1idos los resultados tras cada ronda, finalmente todos han logrado su reconocimiento. \u00a1\u00a1Felicitamos encarecidamente a todos los jugadores y jugadoras!!<\/div>\n<\/div>\n<div class=\"x11i5rnm xat24cr x1mh8g0r x1vvkbs xtlvy1s x126k92a\">\n<div dir=\"auto\">Por supuesto, destacamos sobremanera el papel de los representantes del IES Alcrebite, pues gracias a su maestr\u00eda el instituto ha logrado unos resultados estupendos.<\/div>\n<\/div>\n<div class=\"x11i5rnm xat24cr x1mh8g0r x1vvkbs xtlvy1s x126k92a\">\n<div dir=\"auto\">El primer equipo ha logrado en la categor\u00eda absoluta, la m\u00e1s importante del torneo, el Primer Premio con Trofeo y medalla. Lo Integraban Salustiano P\u00e9rez Peramos, Adri\u00e1n Gil Castillo y los hermanos Pablo y Mario S\u00e1nchez Mu\u00f1oz. Estos \u00faltimos adem\u00e1s han logrado el primer y segundo puesto en la categor\u00eda sub16.<\/div>\n<\/div>\n<div class=\"x11i5rnm xat24cr x1mh8g0r x1vvkbs xtlvy1s x126k92a\">\n<div dir=\"auto\">El segundo equipo ha desempe\u00f1ado tambi\u00e9n un muy meritorio papel. Sus componentes han sido Ra\u00fal Gonz\u00e1lez Castro, Adri\u00e1n S\u00e1nchez Maezo y Aar\u00f3n Z\u00fa\u00f1iga Redondo.<\/div>\n<\/div>\n<div class=\"x11i5rnm xat24cr x1mh8g0r x1vvkbs xtlvy1s x126k92a\">\n<div dir=\"auto\">\u00a1\u00a1Enhorabuena a todos!! \u00a1\u00a1Y a seguir jugando!!<\/div>\n<div dir=\"auto\"><img loading=\"lazy\" decoding=\"async\" class=\"alignnone size-full wp-image-1252\" src=\"https:\/\/blogsaverroes.juntadeandalucia.es\/iesalcrebite\/files\/2023\/01\/326246022_691792612417958_6346127699281131957_n.jpg\" alt=\"\" width=\"960\" height=\"720\" srcset=\"https:\/\/blogsaverroes.juntadeandalucia.es\/iesalcrebite\/files\/2023\/01\/326246022_691792612417958_6346127699281131957_n.jpg 960w, https:\/\/blogsaverroes.juntadeandalucia.es\/iesalcrebite\/files\/2023\/01\/326246022_691792612417958_6346127699281131957_n-300x225.jpg 300w, https:\/\/blogsaverroes.juntadeandalucia.es\/iesalcrebite\/files\/2023\/01\/326246022_691792612417958_6346127699281131957_n-768x576.jpg 768w\" sizes=\"(max-width: 960px) 100vw, 960px\" \/> <img loading=\"lazy\" decoding=\"async\" class=\"alignnone size-full wp-image-1253\" src=\"https:\/\/blogsaverroes.juntadeandalucia.es\/iesalcrebite\/files\/2023\/01\/326522668_484394456992756_818161593395993985_n.jpg\" alt=\"\" width=\"960\" height=\"720\" srcset=\"https:\/\/blogsaverroes.juntadeandalucia.es\/iesalcrebite\/files\/2023\/01\/326522668_484394456992756_818161593395993985_n.jpg 960w, https:\/\/blogsaverroes.juntadeandalucia.es\/iesalcrebite\/files\/2023\/01\/326522668_484394456992756_818161593395993985_n-300x225.jpg 300w, https:\/\/blogsaverroes.juntadeandalucia.es\/iesalcrebite\/files\/2023\/01\/326522668_484394456992756_818161593395993985_n-768x576.jpg 768w\" sizes=\"(max-width: 960px) 100vw, 960px\" \/> <img loading=\"lazy\" decoding=\"async\" class=\"alignnone size-full wp-image-1254\" src=\"https:\/\/blogsaverroes.juntadeandalucia.es\/iesalcrebite\/files\/2023\/01\/326558864_1229048721031728_8962080683362864880_n-1.jpg\" alt=\"\" width=\"960\" height=\"720\" srcset=\"https:\/\/blogsaverroes.juntadeandalucia.es\/iesalcrebite\/files\/2023\/01\/326558864_1229048721031728_8962080683362864880_n-1.jpg 960w, https:\/\/blogsaverroes.juntadeandalucia.es\/iesalcrebite\/files\/2023\/01\/326558864_1229048721031728_8962080683362864880_n-1-300x225.jpg 300w, https:\/\/blogsaverroes.juntadeandalucia.es\/iesalcrebite\/files\/2023\/01\/326558864_1229048721031728_8962080683362864880_n-1-768x576.jpg 768w\" sizes=\"(max-width: 960px) 100vw, 960px\" \/> <img loading=\"lazy\" decoding=\"async\" class=\"alignnone size-full wp-image-1255\" src=\"https:\/\/blogsaverroes.juntadeandalucia.es\/iesalcrebite\/files\/2023\/01\/326275731_705186527933873_5490169687838900229_n.jpg\" alt=\"\" width=\"960\" height=\"720\" srcset=\"https:\/\/blogsaverroes.juntadeandalucia.es\/iesalcrebite\/files\/2023\/01\/326275731_705186527933873_5490169687838900229_n.jpg 960w, https:\/\/blogsaverroes.juntadeandalucia.es\/iesalcrebite\/files\/2023\/01\/326275731_705186527933873_5490169687838900229_n-300x225.jpg 300w, https:\/\/blogsaverroes.juntadeandalucia.es\/iesalcrebite\/files\/2023\/01\/326275731_705186527933873_5490169687838900229_n-768x576.jpg 768w\" sizes=\"(max-width: 960px) 100vw, 960px\" \/> <img loading=\"lazy\" decoding=\"async\" class=\"alignnone size-full wp-image-1256\" src=\"https:\/\/blogsaverroes.juntadeandalucia.es\/iesalcrebite\/files\/2023\/01\/325982598_717555483313331_2888488474100610201_n.jpg\" alt=\"\" width=\"960\" height=\"720\" srcset=\"https:\/\/blogsaverroes.juntadeandalucia.es\/iesalcrebite\/files\/2023\/01\/325982598_717555483313331_2888488474100610201_n.jpg 960w, https:\/\/blogsaverroes.juntadeandalucia.es\/iesalcrebite\/files\/2023\/01\/325982598_717555483313331_2888488474100610201_n-300x225.jpg 300w, https:\/\/blogsaverroes.juntadeandalucia.es\/iesalcrebite\/files\/2023\/01\/325982598_717555483313331_2888488474100610201_n-768x576.jpg 768w\" sizes=\"(max-width: 960px) 100vw, 960px\" \/> <img loading=\"lazy\" decoding=\"async\" class=\"alignnone size-full wp-image-1257\" src=\"https:\/\/blogsaverroes.juntadeandalucia.es\/iesalcrebite\/files\/2023\/01\/325906992_5424063937700119_2896553253171021652_n.jpg\" alt=\"\" width=\"960\" height=\"720\" srcset=\"https:\/\/blogsaverroes.juntadeandalucia.es\/iesalcrebite\/files\/2023\/01\/325906992_5424063937700119_2896553253171021652_n.jpg 960w, https:\/\/blogsaverroes.juntadeandalucia.es\/iesalcrebite\/files\/2023\/01\/325906992_5424063937700119_2896553253171021652_n-300x225.jpg 300w, https:\/\/blogsaverroes.juntadeandalucia.es\/iesalcrebite\/files\/2023\/01\/325906992_5424063937700119_2896553253171021652_n-768x576.jpg 768w\" sizes=\"(max-width: 960px) 100vw, 960px\" \/> <img loading=\"lazy\" decoding=\"async\" class=\"alignnone size-full wp-image-1258\" src=\"https:\/\/blogsaverroes.juntadeandalucia.es\/iesalcrebite\/files\/2023\/01\/326389399_720362019650539_495906373139506009_n.jpg\" alt=\"\" width=\"960\" height=\"720\" srcset=\"https:\/\/blogsaverroes.juntadeandalucia.es\/iesalcrebite\/files\/2023\/01\/326389399_720362019650539_495906373139506009_n.jpg 960w, https:\/\/blogsaverroes.juntadeandalucia.es\/iesalcrebite\/files\/2023\/01\/326389399_720362019650539_495906373139506009_n-300x225.jpg 300w, https:\/\/blogsaverroes.juntadeandalucia.es\/iesalcrebite\/files\/2023\/01\/326389399_720362019650539_495906373139506009_n-768x576.jpg 768w\" sizes=\"(max-width: 960px) 100vw, 960px\" \/> <img loading=\"lazy\" decoding=\"async\" class=\"alignnone size-full wp-image-1259\" src=\"https:\/\/blogsaverroes.juntadeandalucia.es\/iesalcrebite\/files\/2023\/01\/326080778_907330083614560_4177111833683645283_n.jpg\" alt=\"\" width=\"960\" height=\"720\" srcset=\"https:\/\/blogsaverroes.juntadeandalucia.es\/iesalcrebite\/files\/2023\/01\/326080778_907330083614560_4177111833683645283_n.jpg 960w, https:\/\/blogsaverroes.juntadeandalucia.es\/iesalcrebite\/files\/2023\/01\/326080778_907330083614560_4177111833683645283_n-300x225.jpg 300w, https:\/\/blogsaverroes.juntadeandalucia.es\/iesalcrebite\/files\/2023\/01\/326080778_907330083614560_4177111833683645283_n-768x576.jpg 768w\" sizes=\"(max-width: 960px) 100vw, 960px\" \/><\/div>\n<\/div>\n","protected":false},"excerpt":{"rendered":"<p>Este s\u00e1bado, 24 de enero de 2023, se ha celebrado en las aulas del IES Alcrebite el VI Interescolar de Ajedrez por Equipos Ciudad de Baza, organizado por el Club Deportivo de Ajedrez Dama&#46;&#46;&#46;<\/p>\n","protected":false},"author":14869,"featured_media":1136,"comment_status":"closed","ping_status":"open","sticky":false,"template":"","format":"standard","meta":{"ngg_post_thumbnail":0,"footnotes":""},"categories":[4],"tags":[],"aioseo_notices":[],"_links":{"self":[{"href":"https:\/\/blogsaverroes.juntadeandalucia.es\/iesalcrebite\/wp-json\/wp\/v2\/posts\/1135"}],"collection":[{"href":"https:\/\/blogsaverroes.juntadeandalucia.es\/iesalcrebite\/wp-json\/wp\/v2\/posts"}],"about":[{"href":"https:\/\/blogsaverroes.juntadeandalucia.es\/iesalcrebite\/wp-json\/wp\/v2\/types\/post"}],"author":[{"embeddable":true,"href":"https:\/\/blogsaverroes.juntadeandalucia.es\/iesalcrebite\/wp-json\/wp\/v2\/users\/14869"}],"replies":[{"embeddable":true,"href":"https:\/\/blogsaverroes.juntadeandalucia.es\/iesalcrebite\/wp-json\/wp\/v2\/comments?post=1135"}],"version-history":[{"count":2,"href":"https:\/\/blogsaverroes.juntadeandalucia.es\/iesalcrebite\/wp-json\/wp\/v2\/posts\/1135\/revisions"}],"predecessor-version":[{"id":1260,"href":"https:\/\/blogsaverroes.juntadeandalucia.es\/iesalcrebite\/wp-json\/wp\/v2\/posts\/1135\/revisions\/1260"}],"wp:featuredmedia":[{"embeddable":true,"href":"https:\/\/blogsaverroes.juntadeandalucia.es\/iesalcrebite\/wp-json\/wp\/v2\/media\/1136"}],"wp:attachment":[{"href":"https:\/\/blogsaverroes.juntadeandalucia.es\/iesalcrebite\/wp-json\/wp\/v2\/media?parent=1135"}],"wp:term":[{"taxonomy":"category","embeddable":true,"href":"https:\/\/blogsaverroes.juntadeandalucia.es\/iesalcrebite\/wp-json\/wp\/v2\/categories?post=1135"},{"taxonomy":"post_tag","embeddable":true,"href":"https:\/\/blogsaverroes.juntadeandalucia.es\/iesalcrebite\/wp-json\/wp\/v2\/tags?post=1135"}],"curies":[{"name":"wp","href":"https:\/\/api.w.org\/{rel}","templated":true}]}}