{"id":1407,"date":"2023-04-20T00:06:01","date_gmt":"2023-04-19T22:06:01","guid":{"rendered":"https:\/\/blogsaverroes.juntadeandalucia.es\/iesalcrebite\/?p=1407"},"modified":"2023-05-03T00:08:16","modified_gmt":"2023-05-02T22:08:16","slug":"erasmus-en-belgica","status":"publish","type":"post","link":"https:\/\/blogsaverroes.juntadeandalucia.es\/iesalcrebite\/erasmus-en-belgica\/","title":{"rendered":"Erasmus en B\u00e9lgica"},"content":{"rendered":"<div dir=\"auto\">Los alumnos de 1\u00ba bachillerato del IES Alcrebite: Natalia, Sara y Alejandro se encuentran ya en B\u00e9lgica, donde han comenzado sus movilidades individuales de 25 d\u00edas de duraci\u00f3n. Permanecer\u00e1n all\u00ed hasta el pr\u00f3ximo 12 de mayo.<\/div>\n<div dir=\"auto\">Han viajado acompa\u00f1ados por el profesor de filosof\u00eda, Javier<\/div>\n<div dir=\"auto\"><img loading=\"lazy\" decoding=\"async\" class=\"alignnone size-full wp-image-1408\" src=\"https:\/\/blogsaverroes.juntadeandalucia.es\/iesalcrebite\/files\/2023\/05\/342218322_261082659681052_3661486678342123861_n.jpg\" alt=\"\" width=\"2048\" height=\"1536\" srcset=\"https:\/\/blogsaverroes.juntadeandalucia.es\/iesalcrebite\/files\/2023\/05\/342218322_261082659681052_3661486678342123861_n.jpg 2048w, https:\/\/blogsaverroes.juntadeandalucia.es\/iesalcrebite\/files\/2023\/05\/342218322_261082659681052_3661486678342123861_n-300x225.jpg 300w, https:\/\/blogsaverroes.juntadeandalucia.es\/iesalcrebite\/files\/2023\/05\/342218322_261082659681052_3661486678342123861_n-1024x768.jpg 1024w, https:\/\/blogsaverroes.juntadeandalucia.es\/iesalcrebite\/files\/2023\/05\/342218322_261082659681052_3661486678342123861_n-768x576.jpg 768w, https:\/\/blogsaverroes.juntadeandalucia.es\/iesalcrebite\/files\/2023\/05\/342218322_261082659681052_3661486678342123861_n-1536x1152.jpg 1536w\" sizes=\"(max-width: 2048px) 100vw, 2048px\" \/> <img loading=\"lazy\" decoding=\"async\" class=\"alignnone size-full wp-image-1409\" src=\"https:\/\/blogsaverroes.juntadeandalucia.es\/iesalcrebite\/files\/2023\/05\/342824401_550213497251835_5357991168369178094_n.jpg\" alt=\"\" width=\"2048\" height=\"1152\" srcset=\"https:\/\/blogsaverroes.juntadeandalucia.es\/iesalcrebite\/files\/2023\/05\/342824401_550213497251835_5357991168369178094_n.jpg 2048w, https:\/\/blogsaverroes.juntadeandalucia.es\/iesalcrebite\/files\/2023\/05\/342824401_550213497251835_5357991168369178094_n-300x169.jpg 300w, https:\/\/blogsaverroes.juntadeandalucia.es\/iesalcrebite\/files\/2023\/05\/342824401_550213497251835_5357991168369178094_n-1024x576.jpg 1024w, https:\/\/blogsaverroes.juntadeandalucia.es\/iesalcrebite\/files\/2023\/05\/342824401_550213497251835_5357991168369178094_n-768x432.jpg 768w, https:\/\/blogsaverroes.juntadeandalucia.es\/iesalcrebite\/files\/2023\/05\/342824401_550213497251835_5357991168369178094_n-1536x864.jpg 1536w\" sizes=\"(max-width: 2048px) 100vw, 2048px\" \/> <img loading=\"lazy\" decoding=\"async\" class=\"alignnone size-full wp-image-1410\" src=\"https:\/\/blogsaverroes.juntadeandalucia.es\/iesalcrebite\/files\/2023\/05\/342208657_769333864573803_4911409940139782149_n.jpg\" alt=\"\" width=\"450\" height=\"600\" srcset=\"https:\/\/blogsaverroes.juntadeandalucia.es\/iesalcrebite\/files\/2023\/05\/342208657_769333864573803_4911409940139782149_n.jpg 450w, https:\/\/blogsaverroes.juntadeandalucia.es\/iesalcrebite\/files\/2023\/05\/342208657_769333864573803_4911409940139782149_n-225x300.jpg 225w\" sizes=\"(max-width: 450px) 100vw, 450px\" \/><\/div>\n","protected":false},"excerpt":{"rendered":"<p>Los alumnos de 1\u00ba bachillerato del IES Alcrebite: Natalia, Sara y Alejandro se encuentran ya en B\u00e9lgica, donde han comenzado sus movilidades individuales de 25 d\u00edas de duraci\u00f3n. Permanecer\u00e1n all\u00ed hasta el pr\u00f3ximo 12&#46;&#46;&#46;<\/p>\n","protected":false},"author":14869,"featured_media":1408,"comment_status":"closed","ping_status":"open","sticky":false,"template":"","format":"standard","meta":{"ngg_post_thumbnail":0,"footnotes":""},"categories":[4],"tags":[],"aioseo_notices":[],"_links":{"self":[{"href":"https:\/\/blogsaverroes.juntadeandalucia.es\/iesalcrebite\/wp-json\/wp\/v2\/posts\/1407"}],"collection":[{"href":"https:\/\/blogsaverroes.juntadeandalucia.es\/iesalcrebite\/wp-json\/wp\/v2\/posts"}],"about":[{"href":"https:\/\/blogsaverroes.juntadeandalucia.es\/iesalcrebite\/wp-json\/wp\/v2\/types\/post"}],"author":[{"embeddable":true,"href":"https:\/\/blogsaverroes.juntadeandalucia.es\/iesalcrebite\/wp-json\/wp\/v2\/users\/14869"}],"replies":[{"embeddable":true,"href":"https:\/\/blogsaverroes.juntadeandalucia.es\/iesalcrebite\/wp-json\/wp\/v2\/comments?post=1407"}],"version-history":[{"count":1,"href":"https:\/\/blogsaverroes.juntadeandalucia.es\/iesalcrebite\/wp-json\/wp\/v2\/posts\/1407\/revisions"}],"predecessor-version":[{"id":1411,"href":"https:\/\/blogsaverroes.juntadeandalucia.es\/iesalcrebite\/wp-json\/wp\/v2\/posts\/1407\/revisions\/1411"}],"wp:featuredmedia":[{"embeddable":true,"href":"https:\/\/blogsaverroes.juntadeandalucia.es\/iesalcrebite\/wp-json\/wp\/v2\/media\/1408"}],"wp:attachment":[{"href":"https:\/\/blogsaverroes.juntadeandalucia.es\/iesalcrebite\/wp-json\/wp\/v2\/media?parent=1407"}],"wp:term":[{"taxonomy":"category","embeddable":true,"href":"https:\/\/blogsaverroes.juntadeandalucia.es\/iesalcrebite\/wp-json\/wp\/v2\/categories?post=1407"},{"taxonomy":"post_tag","embeddable":true,"href":"https:\/\/blogsaverroes.juntadeandalucia.es\/iesalcrebite\/wp-json\/wp\/v2\/tags?post=1407"}],"curies":[{"name":"wp","href":"https:\/\/api.w.org\/{rel}","templated":true}]}}