{"id":2199,"date":"2024-11-02T20:24:08","date_gmt":"2024-11-02T19:24:08","guid":{"rendered":"https:\/\/blogsaverroes.juntadeandalucia.es\/iesalcrebite\/?p=2199"},"modified":"2024-11-16T20:26:31","modified_gmt":"2024-11-16T19:26:31","slug":"baza-con-valencia","status":"publish","type":"post","link":"https:\/\/blogsaverroes.juntadeandalucia.es\/iesalcrebite\/baza-con-valencia\/","title":{"rendered":"Baza con Valencia"},"content":{"rendered":"<p style=\"text-align: justify\">&#8220;Baza con Valencia&#8221;. Las personas que quieran ayudar a los damnificados de la DANA de Valencia pueden llevar ya su donaci\u00f3n al PABELL\u00d3N DE FERIAS de la carretera de Benamaurel y al PARQUE DE BOMBEROS. El horario establecido es de 9:00 a 14:00 y de 16:00 a 20:00 horas. Se necesitan, principalmente: agua, leche, fiambres, pan, pan de molde, latas de at\u00fan, art\u00edculos de limpieza personal y dom\u00e9stica, pa\u00f1ales y compresas.<\/p>\n<p><img loading=\"lazy\" decoding=\"async\" class=\"alignnone size-full wp-image-2200\" src=\"https:\/\/blogsaverroes.juntadeandalucia.es\/iesalcrebite\/files\/2024\/11\/465469207_570582522165384_5531383808565711764_n.jpg\" alt=\"\" width=\"854\" height=\"960\"> <img loading=\"lazy\" decoding=\"async\" class=\"alignnone size-full wp-image-2201\" src=\"https:\/\/blogsaverroes.juntadeandalucia.es\/iesalcrebite\/files\/2024\/11\/465445306_570582565498713_3086387968401392794_n.jpg\" alt=\"\" width=\"960\" height=\"540\" srcset=\"https:\/\/blogsaverroes.juntadeandalucia.es\/iesalcrebite\/files\/2024\/11\/465445306_570582565498713_3086387968401392794_n.jpg 960w, https:\/\/blogsaverroes.juntadeandalucia.es\/iesalcrebite\/files\/2024\/11\/465445306_570582565498713_3086387968401392794_n-300x169.jpg 300w, https:\/\/blogsaverroes.juntadeandalucia.es\/iesalcrebite\/files\/2024\/11\/465445306_570582565498713_3086387968401392794_n-768x432.jpg 768w\" sizes=\"(max-width: 960px) 100vw, 960px\" \/><\/p>\n","protected":false},"excerpt":{"rendered":"<p>&#8220;Baza con Valencia&#8221;. Las personas que quieran ayudar a los damnificados de la DANA de Valencia pueden llevar ya su donaci\u00f3n al PABELL\u00d3N DE FERIAS de la carretera de Benamaurel y al PARQUE DE&#46;&#46;&#46;<\/p>\n","protected":false},"author":14869,"featured_media":2201,"comment_status":"closed","ping_status":"open","sticky":false,"template":"","format":"standard","meta":{"ngg_post_thumbnail":0,"footnotes":""},"categories":[4],"tags":[],"aioseo_notices":[],"_links":{"self":[{"href":"https:\/\/blogsaverroes.juntadeandalucia.es\/iesalcrebite\/wp-json\/wp\/v2\/posts\/2199"}],"collection":[{"href":"https:\/\/blogsaverroes.juntadeandalucia.es\/iesalcrebite\/wp-json\/wp\/v2\/posts"}],"about":[{"href":"https:\/\/blogsaverroes.juntadeandalucia.es\/iesalcrebite\/wp-json\/wp\/v2\/types\/post"}],"author":[{"embeddable":true,"href":"https:\/\/blogsaverroes.juntadeandalucia.es\/iesalcrebite\/wp-json\/wp\/v2\/users\/14869"}],"replies":[{"embeddable":true,"href":"https:\/\/blogsaverroes.juntadeandalucia.es\/iesalcrebite\/wp-json\/wp\/v2\/comments?post=2199"}],"version-history":[{"count":1,"href":"https:\/\/blogsaverroes.juntadeandalucia.es\/iesalcrebite\/wp-json\/wp\/v2\/posts\/2199\/revisions"}],"predecessor-version":[{"id":2202,"href":"https:\/\/blogsaverroes.juntadeandalucia.es\/iesalcrebite\/wp-json\/wp\/v2\/posts\/2199\/revisions\/2202"}],"wp:featuredmedia":[{"embeddable":true,"href":"https:\/\/blogsaverroes.juntadeandalucia.es\/iesalcrebite\/wp-json\/wp\/v2\/media\/2201"}],"wp:attachment":[{"href":"https:\/\/blogsaverroes.juntadeandalucia.es\/iesalcrebite\/wp-json\/wp\/v2\/media?parent=2199"}],"wp:term":[{"taxonomy":"category","embeddable":true,"href":"https:\/\/blogsaverroes.juntadeandalucia.es\/iesalcrebite\/wp-json\/wp\/v2\/categories?post=2199"},{"taxonomy":"post_tag","embeddable":true,"href":"https:\/\/blogsaverroes.juntadeandalucia.es\/iesalcrebite\/wp-json\/wp\/v2\/tags?post=2199"}],"curies":[{"name":"wp","href":"https:\/\/api.w.org\/{rel}","templated":true}]}}