{"id":2594,"date":"2025-03-25T09:05:54","date_gmt":"2025-03-25T08:05:54","guid":{"rendered":"https:\/\/blogsaverroes.juntadeandalucia.es\/iesalcrebite\/?p=2594"},"modified":"2025-03-25T09:07:40","modified_gmt":"2025-03-25T08:07:40","slug":"beca-general-curso-2025-2026","status":"publish","type":"post","link":"https:\/\/blogsaverroes.juntadeandalucia.es\/iesalcrebite\/beca-general-curso-2025-2026\/","title":{"rendered":"BECA GENERAL  Curso 2025\/2026"},"content":{"rendered":"<div class=\"cim lg centrada \">\n<p class=\"pie\"><span style=\"font-size: 14pt\"><strong>BECA GENERAL <\/strong><\/span><strong style=\"font-size: 14pt\">Curso 2025\/2026<\/strong><\/p>\n<\/div>\n<div class=\"cte\">\n<p class=\"ta-center\"><strong>Estudios universitarios y Ense\u00f1anzas Art\u00edsticas Superiores (Grado y M\u00e1ster) <\/strong><strong>y no universitarios (FP, Bachillerato y otros)<\/strong><\/p>\n<\/div>\n<div class=\"cim ico centrada \">El plazo de solicitud es del 24 de marzo&nbsp; al 14 de mayo a las 15,00 horas.<\/div>\n<div>Toda la informaci\u00f3n y tr\u00e1mites en el siguiente enlace: <a href=\"https:\/\/www.becaseducacion.gob.es\/becas-y-ayudas.html\">https:\/\/www.becaseducacion.gob.es\/becas-y-ayudas.html<\/a><\/div>\n<p>&nbsp;<\/p>\n","protected":false},"excerpt":{"rendered":"<p>BECA GENERAL Curso 2025\/2026 Estudios universitarios y Ense\u00f1anzas Art\u00edsticas Superiores (Grado y M\u00e1ster) y no universitarios (FP, Bachillerato y otros) El plazo de solicitud es del 24 de marzo&nbsp; al 14 de mayo a&#46;&#46;&#46;<\/p>\n","protected":false},"author":14869,"featured_media":2595,"comment_status":"closed","ping_status":"open","sticky":false,"template":"","format":"standard","meta":{"ngg_post_thumbnail":0,"footnotes":""},"categories":[4],"tags":[],"aioseo_notices":[],"_links":{"self":[{"href":"https:\/\/blogsaverroes.juntadeandalucia.es\/iesalcrebite\/wp-json\/wp\/v2\/posts\/2594"}],"collection":[{"href":"https:\/\/blogsaverroes.juntadeandalucia.es\/iesalcrebite\/wp-json\/wp\/v2\/posts"}],"about":[{"href":"https:\/\/blogsaverroes.juntadeandalucia.es\/iesalcrebite\/wp-json\/wp\/v2\/types\/post"}],"author":[{"embeddable":true,"href":"https:\/\/blogsaverroes.juntadeandalucia.es\/iesalcrebite\/wp-json\/wp\/v2\/users\/14869"}],"replies":[{"embeddable":true,"href":"https:\/\/blogsaverroes.juntadeandalucia.es\/iesalcrebite\/wp-json\/wp\/v2\/comments?post=2594"}],"version-history":[{"count":1,"href":"https:\/\/blogsaverroes.juntadeandalucia.es\/iesalcrebite\/wp-json\/wp\/v2\/posts\/2594\/revisions"}],"predecessor-version":[{"id":2596,"href":"https:\/\/blogsaverroes.juntadeandalucia.es\/iesalcrebite\/wp-json\/wp\/v2\/posts\/2594\/revisions\/2596"}],"wp:featuredmedia":[{"embeddable":true,"href":"https:\/\/blogsaverroes.juntadeandalucia.es\/iesalcrebite\/wp-json\/wp\/v2\/media\/2595"}],"wp:attachment":[{"href":"https:\/\/blogsaverroes.juntadeandalucia.es\/iesalcrebite\/wp-json\/wp\/v2\/media?parent=2594"}],"wp:term":[{"taxonomy":"category","embeddable":true,"href":"https:\/\/blogsaverroes.juntadeandalucia.es\/iesalcrebite\/wp-json\/wp\/v2\/categories?post=2594"},{"taxonomy":"post_tag","embeddable":true,"href":"https:\/\/blogsaverroes.juntadeandalucia.es\/iesalcrebite\/wp-json\/wp\/v2\/tags?post=2594"}],"curies":[{"name":"wp","href":"https:\/\/api.w.org\/{rel}","templated":true}]}}