{"id":4274,"date":"2020-09-08T21:49:29","date_gmt":"2020-09-08T20:49:29","guid":{"rendered":"http:\/\/blogsaverroes.juntadeandalucia.es\/iesalfakar\/?p=4274"},"modified":"2020-09-08T21:49:29","modified_gmt":"2020-09-08T20:49:29","slug":"informacion-para-las-familias-y-el-alumnado","status":"publish","type":"post","link":"https:\/\/blogsaverroes.juntadeandalucia.es\/iesalfakar\/2020\/09\/08\/informacion-para-las-familias-y-el-alumnado\/","title":{"rendered":"\u00a1INFORMACI\u00d3N PARA LAS FAMILIAS Y EL ALUMNADO!"},"content":{"rendered":"<p>Estimadas familias.&nbsp;<\/p>\n<p style=\"text-align: justify\">Comenzamos un nuevo curso escolar que nos va a traer muchos cambios en la organizaci\u00f3n del centro, llevamos desde finales del curso pasado trabajando en todas estas novedades. El pr\u00f3ximo lunes 14 de Septiembre por la tarde (a lo largo de la semana confirmaremos la hora y c\u00f3mo se va a realizar) tendremos una reuni\u00f3n con las familias, antes del comienzo de las clases. En ella daremos informaci\u00f3n detallada de:<\/p>\n<ul>\n<li style=\"text-align: justify\">Inicio de curso, c\u00f3mo se van a hacer las jornadas de acogida del alumnado, a partir del d\u00eda 15 de Septiembre.<\/li>\n<li style=\"text-align: justify\">Presentaci\u00f3n del PROTOCOLO COVID, en el que se incluyen todas las medidas sanitarias a adoptar, entradas del alumnado al centro, medidas en las aulas, limpieza del centro, etc.<\/li>\n<\/ul>\n<p>En esta reuni\u00f3n se resolver\u00e1n todas las dudas que se puedan plantear.<\/p>\n<p>&nbsp;<\/p>\n<p>&nbsp;<\/p>\n","protected":false},"excerpt":{"rendered":"<p>Estimadas familias.&nbsp; Comenzamos un nuevo curso escolar que nos va a traer muchos cambios en la organizaci\u00f3n del centro, llevamos desde finales del curso pasado trabajando en todas estas novedades. El pr\u00f3ximo lunes 14&#46;&#46;&#46;<\/p>\n","protected":false},"author":2760,"featured_media":4275,"comment_status":"open","ping_status":"open","sticky":false,"template":"","format":"standard","meta":{"_exactmetrics_skip_tracking":false,"_exactmetrics_sitenote_active":false,"_exactmetrics_sitenote_note":"","_exactmetrics_sitenote_category":0,"ngg_post_thumbnail":0,"footnotes":""},"categories":[66,526],"tags":[],"aioseo_notices":[],"_links":{"self":[{"href":"https:\/\/blogsaverroes.juntadeandalucia.es\/iesalfakar\/wp-json\/wp\/v2\/posts\/4274"}],"collection":[{"href":"https:\/\/blogsaverroes.juntadeandalucia.es\/iesalfakar\/wp-json\/wp\/v2\/posts"}],"about":[{"href":"https:\/\/blogsaverroes.juntadeandalucia.es\/iesalfakar\/wp-json\/wp\/v2\/types\/post"}],"author":[{"embeddable":true,"href":"https:\/\/blogsaverroes.juntadeandalucia.es\/iesalfakar\/wp-json\/wp\/v2\/users\/2760"}],"replies":[{"embeddable":true,"href":"https:\/\/blogsaverroes.juntadeandalucia.es\/iesalfakar\/wp-json\/wp\/v2\/comments?post=4274"}],"version-history":[{"count":1,"href":"https:\/\/blogsaverroes.juntadeandalucia.es\/iesalfakar\/wp-json\/wp\/v2\/posts\/4274\/revisions"}],"predecessor-version":[{"id":4276,"href":"https:\/\/blogsaverroes.juntadeandalucia.es\/iesalfakar\/wp-json\/wp\/v2\/posts\/4274\/revisions\/4276"}],"wp:featuredmedia":[{"embeddable":true,"href":"https:\/\/blogsaverroes.juntadeandalucia.es\/iesalfakar\/wp-json\/wp\/v2\/media\/4275"}],"wp:attachment":[{"href":"https:\/\/blogsaverroes.juntadeandalucia.es\/iesalfakar\/wp-json\/wp\/v2\/media?parent=4274"}],"wp:term":[{"taxonomy":"category","embeddable":true,"href":"https:\/\/blogsaverroes.juntadeandalucia.es\/iesalfakar\/wp-json\/wp\/v2\/categories?post=4274"},{"taxonomy":"post_tag","embeddable":true,"href":"https:\/\/blogsaverroes.juntadeandalucia.es\/iesalfakar\/wp-json\/wp\/v2\/tags?post=4274"}],"curies":[{"name":"wp","href":"https:\/\/api.w.org\/{rel}","templated":true}]}}