{"id":5213,"date":"2022-12-03T21:33:15","date_gmt":"2022-12-03T20:33:15","guid":{"rendered":"http:\/\/blogsaverroes.juntadeandalucia.es\/iesalfakar\/?p=5213"},"modified":"2022-12-06T21:35:34","modified_gmt":"2022-12-06T20:35:34","slug":"3-de-diciembre-dia-internacional-de-la-discapacidad","status":"publish","type":"post","link":"https:\/\/blogsaverroes.juntadeandalucia.es\/iesalfakar\/2022\/12\/03\/3-de-diciembre-dia-internacional-de-la-discapacidad\/","title":{"rendered":"3 DE DICIEMBRE :D\u00cdA INTERNACIONAL DE LA DISCAPACIDAD\u00a0 \u00a0"},"content":{"rendered":"<div><span style=\"font-family: comic sans ms, sans-serif\">Desde el&nbsp; IES Al-FAKAR&nbsp; hemos trabajado con el alumnado&nbsp; desde el \u00e1rea de Educaci\u00f3n F\u00edsica&nbsp; &nbsp;y desde el departamento de Orientaci\u00f3n&nbsp; , la toma de conciencia&nbsp; de que la peor barrera a superar est\u00e1 en cada uno de nosotros, en una mirada equivocada,en una exageraci\u00f3n de la ayuda ofrecida, en nuestros miedos y preconceptos.<\/span><\/div>\n<div><span style=\"font-family: comic sans ms, sans-serif\">&nbsp;<\/span><\/div>\n<div><span style=\"font-family: comic sans ms, sans-serif\">&nbsp;<\/span><\/div>\n<div><span style=\"font-family: comic sans ms, sans-serif\">Compartimos&nbsp; video titulado :LO INCORRECTO&nbsp; , una nueva mirada&nbsp; hacia la discapacidad<\/span><\/div>\n<div><iframe loading=\"lazy\" src=\"https:\/\/www.youtube.com\/embed\/SBLiBLb23ZA\" width=\"560\" height=\"315\" frameborder=\"0\"><\/iframe> &nbsp;<\/div>\n<div><span style=\"font-family: comic sans ms, sans-serif\">&nbsp;<\/span><\/div>\n<div><span style=\"font-family: comic sans ms, sans-serif\">&nbsp;<\/span><\/div>\n<div><span style=\"color: #0f0f0f;font-family: comic sans ms, sans-serif\">\u00bb Diferentes en el vuelo pero con el mismo derecho a volar \u00ab<\/span><\/div>\n<div class=\"yj6qo\">&nbsp;<\/div>\n<div class=\"adL\">&nbsp;<\/div>\n<div class=\"adL\">&nbsp;<\/div>\n<div class=\"adL\">&nbsp;<\/div>\n","protected":false},"excerpt":{"rendered":"<p>Desde el&nbsp; IES Al-FAKAR&nbsp; hemos trabajado con el alumnado&nbsp; desde el \u00e1rea de Educaci\u00f3n F\u00edsica&nbsp; &nbsp;y desde el departamento de Orientaci\u00f3n&nbsp; , la toma de conciencia&nbsp; de que la peor barrera a superar est\u00e1&#46;&#46;&#46;<\/p>\n","protected":false},"author":2760,"featured_media":5214,"comment_status":"open","ping_status":"open","sticky":false,"template":"","format":"standard","meta":{"_exactmetrics_skip_tracking":false,"_exactmetrics_sitenote_active":false,"_exactmetrics_sitenote_note":"","_exactmetrics_sitenote_category":0,"ngg_post_thumbnail":0,"footnotes":""},"categories":[25499,526,25510],"tags":[],"aioseo_notices":[],"_links":{"self":[{"href":"https:\/\/blogsaverroes.juntadeandalucia.es\/iesalfakar\/wp-json\/wp\/v2\/posts\/5213"}],"collection":[{"href":"https:\/\/blogsaverroes.juntadeandalucia.es\/iesalfakar\/wp-json\/wp\/v2\/posts"}],"about":[{"href":"https:\/\/blogsaverroes.juntadeandalucia.es\/iesalfakar\/wp-json\/wp\/v2\/types\/post"}],"author":[{"embeddable":true,"href":"https:\/\/blogsaverroes.juntadeandalucia.es\/iesalfakar\/wp-json\/wp\/v2\/users\/2760"}],"replies":[{"embeddable":true,"href":"https:\/\/blogsaverroes.juntadeandalucia.es\/iesalfakar\/wp-json\/wp\/v2\/comments?post=5213"}],"version-history":[{"count":1,"href":"https:\/\/blogsaverroes.juntadeandalucia.es\/iesalfakar\/wp-json\/wp\/v2\/posts\/5213\/revisions"}],"predecessor-version":[{"id":5215,"href":"https:\/\/blogsaverroes.juntadeandalucia.es\/iesalfakar\/wp-json\/wp\/v2\/posts\/5213\/revisions\/5215"}],"wp:featuredmedia":[{"embeddable":true,"href":"https:\/\/blogsaverroes.juntadeandalucia.es\/iesalfakar\/wp-json\/wp\/v2\/media\/5214"}],"wp:attachment":[{"href":"https:\/\/blogsaverroes.juntadeandalucia.es\/iesalfakar\/wp-json\/wp\/v2\/media?parent=5213"}],"wp:term":[{"taxonomy":"category","embeddable":true,"href":"https:\/\/blogsaverroes.juntadeandalucia.es\/iesalfakar\/wp-json\/wp\/v2\/categories?post=5213"},{"taxonomy":"post_tag","embeddable":true,"href":"https:\/\/blogsaverroes.juntadeandalucia.es\/iesalfakar\/wp-json\/wp\/v2\/tags?post=5213"}],"curies":[{"name":"wp","href":"https:\/\/api.w.org\/{rel}","templated":true}]}}