{"id":5700,"date":"2022-12-20T16:33:49","date_gmt":"2022-12-20T15:33:49","guid":{"rendered":"http:\/\/blogsaverroes.juntadeandalucia.es\/iesalfakar\/?p=5700"},"modified":"2023-06-01T17:02:25","modified_gmt":"2023-06-01T16:02:25","slug":"dia-de-la-lectura-en-andalucia-2","status":"publish","type":"post","link":"https:\/\/blogsaverroes.juntadeandalucia.es\/iesalfakar\/2022\/12\/20\/dia-de-la-lectura-en-andalucia-2\/","title":{"rendered":"D\u00eda de la lectura en Andaluc\u00eda"},"content":{"rendered":"<p>El d\u00eda 20 de diciembre y con motivo del D\u00eda de la Lectura en Andaluc\u00eda hemos recibido la visita de alumnado de Infantil del CEIP Las Encinas y el CEIP Alfaguarilla. Han sido atendidos por parte del equipo de la Biblioteca, Orientaci\u00f3n y el Departamento de Lengua y Literatura, y con alumnado de 1\u00ba y 2\u00ba ESO que les han le\u00eddo algunos cuentos y cl\u00e1sicos como El Principito. El alumnado del CEIP nos ha tra\u00eddo unos marcap\u00e1ginas que ha repartido entre alumnado y profesorado participante.<br \/>\nNuestras alumnas lectoras han valorado muy positivamente esta actividad, destacando que han disfrutado mucho leyendo e interactuando con ellos. Damos las gracias a los dos colegios por visitarnos y esperamos repetir actividad el a\u00f1o que viene.<\/p>\n<p>&nbsp;<\/p>\nngg_shortcode_0_placeholder\n","protected":false},"excerpt":{"rendered":"<p>El d\u00eda 20 de diciembre y con motivo del D\u00eda de la Lectura en Andaluc\u00eda hemos recibido la visita de alumnado de Infantil del CEIP Las Encinas y el CEIP Alfaguarilla. Han sido atendidos&#46;&#46;&#46;<\/p>\n","protected":false},"author":2760,"featured_media":5727,"comment_status":"open","ping_status":"open","sticky":false,"template":"","format":"standard","meta":{"_exactmetrics_skip_tracking":false,"_exactmetrics_sitenote_active":false,"_exactmetrics_sitenote_note":"","_exactmetrics_sitenote_category":0,"ngg_post_thumbnail":0,"footnotes":""},"categories":[1761,213,526],"tags":[],"aioseo_notices":[],"_links":{"self":[{"href":"https:\/\/blogsaverroes.juntadeandalucia.es\/iesalfakar\/wp-json\/wp\/v2\/posts\/5700"}],"collection":[{"href":"https:\/\/blogsaverroes.juntadeandalucia.es\/iesalfakar\/wp-json\/wp\/v2\/posts"}],"about":[{"href":"https:\/\/blogsaverroes.juntadeandalucia.es\/iesalfakar\/wp-json\/wp\/v2\/types\/post"}],"author":[{"embeddable":true,"href":"https:\/\/blogsaverroes.juntadeandalucia.es\/iesalfakar\/wp-json\/wp\/v2\/users\/2760"}],"replies":[{"embeddable":true,"href":"https:\/\/blogsaverroes.juntadeandalucia.es\/iesalfakar\/wp-json\/wp\/v2\/comments?post=5700"}],"version-history":[{"count":1,"href":"https:\/\/blogsaverroes.juntadeandalucia.es\/iesalfakar\/wp-json\/wp\/v2\/posts\/5700\/revisions"}],"predecessor-version":[{"id":5709,"href":"https:\/\/blogsaverroes.juntadeandalucia.es\/iesalfakar\/wp-json\/wp\/v2\/posts\/5700\/revisions\/5709"}],"wp:featuredmedia":[{"embeddable":true,"href":"https:\/\/blogsaverroes.juntadeandalucia.es\/iesalfakar\/wp-json\/wp\/v2\/media\/5727"}],"wp:attachment":[{"href":"https:\/\/blogsaverroes.juntadeandalucia.es\/iesalfakar\/wp-json\/wp\/v2\/media?parent=5700"}],"wp:term":[{"taxonomy":"category","embeddable":true,"href":"https:\/\/blogsaverroes.juntadeandalucia.es\/iesalfakar\/wp-json\/wp\/v2\/categories?post=5700"},{"taxonomy":"post_tag","embeddable":true,"href":"https:\/\/blogsaverroes.juntadeandalucia.es\/iesalfakar\/wp-json\/wp\/v2\/tags?post=5700"}],"curies":[{"name":"wp","href":"https:\/\/api.w.org\/{rel}","templated":true}]}}