{"id":7119,"date":"2024-05-29T22:04:24","date_gmt":"2024-05-29T21:04:24","guid":{"rendered":"https:\/\/blogsaverroes.juntadeandalucia.es\/iesalfakar\/?p=7119"},"modified":"2024-05-29T22:11:59","modified_gmt":"2024-05-29T21:11:59","slug":"programa-cantera","status":"publish","type":"post","link":"https:\/\/blogsaverroes.juntadeandalucia.es\/iesalfakar\/2024\/05\/29\/programa-cantera\/","title":{"rendered":"PROGRAMA CANTERA"},"content":{"rendered":"<div>El viernes&nbsp; 24 de Mayo&nbsp; pasado finaliz\u00f3 el PROGRAMA CANTERA&nbsp;&nbsp; financiado por Ayuntamiento&nbsp; y Diputaci\u00f3n&nbsp; cuyo objetivo principal es formar a los j\u00f3venes&nbsp; en la adquisici\u00f3n de habilidades y destrezas que fomenten la participaci\u00f3n juvenil&nbsp;&nbsp; El programa se ha llevado desde el segundo trimestre&nbsp; el alumnado de &nbsp; 2\u00ba&nbsp; y 3 de ESO en su horario de tutor\u00eda con la empat\u00eda y buen hacer&nbsp; de las monitoras encargadas de desarrollo de las sesiones&nbsp; Maria Ortiz Navarro &nbsp; y&nbsp; Maria Inmaculada Fernandez Guerrero.<\/div>\n<div><a href=\"https:\/\/blogsaverroes.juntadeandalucia.es\/iesalfakar\/files\/2024\/05\/IMG-20240527-WA0008.jpg\"><img loading=\"lazy\" decoding=\"async\" class=\"alignnone size-large wp-image-7120\" src=\"https:\/\/blogsaverroes.juntadeandalucia.es\/iesalfakar\/files\/2024\/05\/IMG-20240527-WA0008-1024x577.jpg\" alt=\"\" width=\"1024\" height=\"577\" srcset=\"https:\/\/blogsaverroes.juntadeandalucia.es\/iesalfakar\/files\/2024\/05\/IMG-20240527-WA0008-1024x577.jpg 1024w, https:\/\/blogsaverroes.juntadeandalucia.es\/iesalfakar\/files\/2024\/05\/IMG-20240527-WA0008-300x169.jpg 300w, https:\/\/blogsaverroes.juntadeandalucia.es\/iesalfakar\/files\/2024\/05\/IMG-20240527-WA0008-768x432.jpg 768w, https:\/\/blogsaverroes.juntadeandalucia.es\/iesalfakar\/files\/2024\/05\/IMG-20240527-WA0008-1536x865.jpg 1536w, https:\/\/blogsaverroes.juntadeandalucia.es\/iesalfakar\/files\/2024\/05\/IMG-20240527-WA0008.jpg 1600w\" sizes=\"(max-width: 1024px) 100vw, 1024px\" \/><\/a> <a href=\"https:\/\/blogsaverroes.juntadeandalucia.es\/iesalfakar\/files\/2024\/05\/IMG-20240527-WA0010.jpg\"><img loading=\"lazy\" decoding=\"async\" class=\"alignnone size-large wp-image-7121\" src=\"https:\/\/blogsaverroes.juntadeandalucia.es\/iesalfakar\/files\/2024\/05\/IMG-20240527-WA0010-1024x577.jpg\" alt=\"\" width=\"1024\" height=\"577\" srcset=\"https:\/\/blogsaverroes.juntadeandalucia.es\/iesalfakar\/files\/2024\/05\/IMG-20240527-WA0010-1024x577.jpg 1024w, https:\/\/blogsaverroes.juntadeandalucia.es\/iesalfakar\/files\/2024\/05\/IMG-20240527-WA0010-300x169.jpg 300w, https:\/\/blogsaverroes.juntadeandalucia.es\/iesalfakar\/files\/2024\/05\/IMG-20240527-WA0010-768x432.jpg 768w, https:\/\/blogsaverroes.juntadeandalucia.es\/iesalfakar\/files\/2024\/05\/IMG-20240527-WA0010-1536x865.jpg 1536w, https:\/\/blogsaverroes.juntadeandalucia.es\/iesalfakar\/files\/2024\/05\/IMG-20240527-WA0010.jpg 1600w\" sizes=\"(max-width: 1024px) 100vw, 1024px\" \/><\/a> <a href=\"https:\/\/blogsaverroes.juntadeandalucia.es\/iesalfakar\/files\/2024\/05\/IMG-20240527-WA0011.jpg\"><img loading=\"lazy\" decoding=\"async\" class=\"alignnone size-large wp-image-7122\" src=\"https:\/\/blogsaverroes.juntadeandalucia.es\/iesalfakar\/files\/2024\/05\/IMG-20240527-WA0011-771x1024.jpg\" alt=\"\" width=\"771\" height=\"1024\" srcset=\"https:\/\/blogsaverroes.juntadeandalucia.es\/iesalfakar\/files\/2024\/05\/IMG-20240527-WA0011-771x1024.jpg 771w, https:\/\/blogsaverroes.juntadeandalucia.es\/iesalfakar\/files\/2024\/05\/IMG-20240527-WA0011-226x300.jpg 226w, https:\/\/blogsaverroes.juntadeandalucia.es\/iesalfakar\/files\/2024\/05\/IMG-20240527-WA0011-768x1020.jpg 768w, https:\/\/blogsaverroes.juntadeandalucia.es\/iesalfakar\/files\/2024\/05\/IMG-20240527-WA0011-1157x1536.jpg 1157w, https:\/\/blogsaverroes.juntadeandalucia.es\/iesalfakar\/files\/2024\/05\/IMG-20240527-WA0011.jpg 1205w\" sizes=\"(max-width: 771px) 100vw, 771px\" \/><\/a> <a href=\"https:\/\/blogsaverroes.juntadeandalucia.es\/iesalfakar\/files\/2024\/05\/IMG-20240527-WA0013.jpg\"><img loading=\"lazy\" decoding=\"async\" class=\"alignnone size-large wp-image-7123\" src=\"https:\/\/blogsaverroes.juntadeandalucia.es\/iesalfakar\/files\/2024\/05\/IMG-20240527-WA0013-1024x577.jpg\" alt=\"\" width=\"1024\" height=\"577\" srcset=\"https:\/\/blogsaverroes.juntadeandalucia.es\/iesalfakar\/files\/2024\/05\/IMG-20240527-WA0013-1024x577.jpg 1024w, https:\/\/blogsaverroes.juntadeandalucia.es\/iesalfakar\/files\/2024\/05\/IMG-20240527-WA0013-300x169.jpg 300w, https:\/\/blogsaverroes.juntadeandalucia.es\/iesalfakar\/files\/2024\/05\/IMG-20240527-WA0013-768x432.jpg 768w, https:\/\/blogsaverroes.juntadeandalucia.es\/iesalfakar\/files\/2024\/05\/IMG-20240527-WA0013-1536x865.jpg 1536w, https:\/\/blogsaverroes.juntadeandalucia.es\/iesalfakar\/files\/2024\/05\/IMG-20240527-WA0013.jpg 1600w\" sizes=\"(max-width: 1024px) 100vw, 1024px\" \/><\/a><\/div>\n","protected":false},"excerpt":{"rendered":"<p>El viernes&nbsp; 24 de Mayo&nbsp; pasado finaliz\u00f3 el PROGRAMA CANTERA&nbsp;&nbsp; financiado por Ayuntamiento&nbsp; y Diputaci\u00f3n&nbsp; cuyo objetivo principal es formar a los j\u00f3venes&nbsp; en la adquisici\u00f3n de habilidades y destrezas que fomenten la participaci\u00f3n&#46;&#46;&#46;<\/p>\n","protected":false},"author":2760,"featured_media":7121,"comment_status":"open","ping_status":"open","sticky":false,"template":"","format":"standard","meta":{"_exactmetrics_skip_tracking":false,"_exactmetrics_sitenote_active":false,"_exactmetrics_sitenote_note":"","_exactmetrics_sitenote_category":0,"ngg_post_thumbnail":0,"footnotes":""},"categories":[1761,66,526,25510],"tags":[],"aioseo_notices":[],"_links":{"self":[{"href":"https:\/\/blogsaverroes.juntadeandalucia.es\/iesalfakar\/wp-json\/wp\/v2\/posts\/7119"}],"collection":[{"href":"https:\/\/blogsaverroes.juntadeandalucia.es\/iesalfakar\/wp-json\/wp\/v2\/posts"}],"about":[{"href":"https:\/\/blogsaverroes.juntadeandalucia.es\/iesalfakar\/wp-json\/wp\/v2\/types\/post"}],"author":[{"embeddable":true,"href":"https:\/\/blogsaverroes.juntadeandalucia.es\/iesalfakar\/wp-json\/wp\/v2\/users\/2760"}],"replies":[{"embeddable":true,"href":"https:\/\/blogsaverroes.juntadeandalucia.es\/iesalfakar\/wp-json\/wp\/v2\/comments?post=7119"}],"version-history":[{"count":1,"href":"https:\/\/blogsaverroes.juntadeandalucia.es\/iesalfakar\/wp-json\/wp\/v2\/posts\/7119\/revisions"}],"predecessor-version":[{"id":7124,"href":"https:\/\/blogsaverroes.juntadeandalucia.es\/iesalfakar\/wp-json\/wp\/v2\/posts\/7119\/revisions\/7124"}],"wp:featuredmedia":[{"embeddable":true,"href":"https:\/\/blogsaverroes.juntadeandalucia.es\/iesalfakar\/wp-json\/wp\/v2\/media\/7121"}],"wp:attachment":[{"href":"https:\/\/blogsaverroes.juntadeandalucia.es\/iesalfakar\/wp-json\/wp\/v2\/media?parent=7119"}],"wp:term":[{"taxonomy":"category","embeddable":true,"href":"https:\/\/blogsaverroes.juntadeandalucia.es\/iesalfakar\/wp-json\/wp\/v2\/categories?post=7119"},{"taxonomy":"post_tag","embeddable":true,"href":"https:\/\/blogsaverroes.juntadeandalucia.es\/iesalfakar\/wp-json\/wp\/v2\/tags?post=7119"}],"curies":[{"name":"wp","href":"https:\/\/api.w.org\/{rel}","templated":true}]}}