{"id":7774,"date":"2025-01-13T18:52:56","date_gmt":"2025-01-13T17:52:56","guid":{"rendered":"https:\/\/blogsaverroes.juntadeandalucia.es\/iesalfakar\/?p=7774"},"modified":"2025-01-13T18:52:56","modified_gmt":"2025-01-13T17:52:56","slug":"pruebas-de-acceso-a-ciclos-formativos","status":"publish","type":"post","link":"https:\/\/blogsaverroes.juntadeandalucia.es\/iesalfakar\/2025\/01\/13\/pruebas-de-acceso-a-ciclos-formativos\/","title":{"rendered":"Pruebas de acceso a ciclos formativos"},"content":{"rendered":"<div dir=\"auto\">Ya est\u00e1 abierto plazo de inscripci\u00f3n a pruebas de acceso a ciclos formativos hasta el 24 de Enero.<\/div>\n<div dir=\"auto\">La solicitud se hace por secretar\u00eda virtual de junta de Andaluc\u00eda con tu clave de iANDE<\/div>\n<div dir=\"auto\">&nbsp;<\/div>\n<div dir=\"auto\"><a href=\"https:\/\/www.juntadeandalucia.es\/educacion\/secretariavirtual\/\">https:\/\/www.juntadeandalucia.es\/educacion\/secretariavirtual\/<\/a><\/div>\n<div class=\"yj6qo\">&nbsp;<\/div>\n<div class=\"adL\" dir=\"auto\">&nbsp;<\/div>\n","protected":false},"excerpt":{"rendered":"<p>Ya est\u00e1 abierto plazo de inscripci\u00f3n a pruebas de acceso a ciclos formativos hasta el 24 de Enero. La solicitud se hace por secretar\u00eda virtual de junta de Andaluc\u00eda con tu clave de iANDE&#46;&#46;&#46;<\/p>\n","protected":false},"author":2760,"featured_media":7775,"comment_status":"open","ping_status":"open","sticky":false,"template":"","format":"standard","meta":{"_exactmetrics_skip_tracking":false,"_exactmetrics_sitenote_active":false,"_exactmetrics_sitenote_note":"","_exactmetrics_sitenote_category":0,"ngg_post_thumbnail":0,"footnotes":""},"categories":[526,25510],"tags":[],"aioseo_notices":[],"_links":{"self":[{"href":"https:\/\/blogsaverroes.juntadeandalucia.es\/iesalfakar\/wp-json\/wp\/v2\/posts\/7774"}],"collection":[{"href":"https:\/\/blogsaverroes.juntadeandalucia.es\/iesalfakar\/wp-json\/wp\/v2\/posts"}],"about":[{"href":"https:\/\/blogsaverroes.juntadeandalucia.es\/iesalfakar\/wp-json\/wp\/v2\/types\/post"}],"author":[{"embeddable":true,"href":"https:\/\/blogsaverroes.juntadeandalucia.es\/iesalfakar\/wp-json\/wp\/v2\/users\/2760"}],"replies":[{"embeddable":true,"href":"https:\/\/blogsaverroes.juntadeandalucia.es\/iesalfakar\/wp-json\/wp\/v2\/comments?post=7774"}],"version-history":[{"count":1,"href":"https:\/\/blogsaverroes.juntadeandalucia.es\/iesalfakar\/wp-json\/wp\/v2\/posts\/7774\/revisions"}],"predecessor-version":[{"id":7776,"href":"https:\/\/blogsaverroes.juntadeandalucia.es\/iesalfakar\/wp-json\/wp\/v2\/posts\/7774\/revisions\/7776"}],"wp:featuredmedia":[{"embeddable":true,"href":"https:\/\/blogsaverroes.juntadeandalucia.es\/iesalfakar\/wp-json\/wp\/v2\/media\/7775"}],"wp:attachment":[{"href":"https:\/\/blogsaverroes.juntadeandalucia.es\/iesalfakar\/wp-json\/wp\/v2\/media?parent=7774"}],"wp:term":[{"taxonomy":"category","embeddable":true,"href":"https:\/\/blogsaverroes.juntadeandalucia.es\/iesalfakar\/wp-json\/wp\/v2\/categories?post=7774"},{"taxonomy":"post_tag","embeddable":true,"href":"https:\/\/blogsaverroes.juntadeandalucia.es\/iesalfakar\/wp-json\/wp\/v2\/tags?post=7774"}],"curies":[{"name":"wp","href":"https:\/\/api.w.org\/{rel}","templated":true}]}}