{"id":7851,"date":"2025-04-07T22:27:11","date_gmt":"2025-04-07T21:27:11","guid":{"rendered":"https:\/\/blogsaverroes.juntadeandalucia.es\/iesalfakar\/?p=7851"},"modified":"2025-04-21T21:59:47","modified_gmt":"2025-04-21T20:59:47","slug":"torneo-de-debates-iii-convocatoria","status":"publish","type":"post","link":"https:\/\/blogsaverroes.juntadeandalucia.es\/iesalfakar\/2025\/04\/07\/torneo-de-debates-iii-convocatoria\/","title":{"rendered":"TORNEO DE DEBATES (III) CONVOCATORIA"},"content":{"rendered":"<p class=\"p1\"><b>CITACI\u00d3N Y POSTURA DE CADA EQUIPO<\/b><\/p>\n<p class=\"p2\">Por la presente, quedan convocados oficialmente las alumnas y alumnos que van a participar en la primera eliminatoria del I Torneo de debate del IES Al-Fakar. Les recordamos que deben asistir al sal\u00f3n de actos cinco minutos antes de la hora del recreo, en el d\u00eda establecido en el calendario y que ya se les comunic\u00f3.<\/p>\n<p class=\"p2\">Del mismo modo, comunicamos que, en la ma\u00f1ana del d\u00eda 7 de abril, se ha realizado el sorteo para elegir la postura que debe defender cada equipo. Recordamos que la pregunta sobre la que deben debatir es:<\/p>\n<p class=\"p3\"><b>\u201c\u00bfPodemos vivir sin m\u00f3viles?\u201d<\/b><b><\/b><\/p>\n<p class=\"p4\">El resultado del sorteo es el siguiente:<\/p>\n<ul class=\"ul1\">\n<li class=\"li4\"><b>Mi\u00e9rcoles, d\u00eda 9 de abril: <\/b><\/li>\n<\/ul>\n<p class=\"p5\">Equipo 1<span class=\"Apple-converted-space\">&nbsp; <\/span>&#8211; A favor. <span class=\"Apple-converted-space\">&nbsp; &nbsp; &nbsp; &nbsp; &nbsp; <\/span>Equipo 3<span class=\"Apple-converted-space\">&nbsp; <\/span>-En contra.<\/p>\n<ul class=\"ul1\">\n<li class=\"li4\"><b>Jueves, 10 de abril:<\/b><\/li>\n<\/ul>\n<p class=\"p5\">Equipo 6<span class=\"Apple-converted-space\">&nbsp; <\/span>-En contra. <span class=\"Apple-converted-space\">&nbsp; &nbsp; &nbsp; &nbsp; <\/span>Equipo 5<span class=\"Apple-converted-space\">&nbsp; <\/span>-A favor.<\/p>\n<ul class=\"ul1\">\n<li class=\"li4\"><b>Viernes, 11 de abril:<\/b><\/li>\n<\/ul>\n<p class=\"p7\">Equipo 4 -A favor.<span class=\"Apple-converted-space\">&nbsp; &nbsp; &nbsp; &nbsp; &nbsp; &nbsp; <\/span>Equipo 2<span class=\"Apple-converted-space\">&nbsp; <\/span>-En contra.<\/p>\n","protected":false},"excerpt":{"rendered":"<p>CITACI\u00d3N Y POSTURA DE CADA EQUIPO Por la presente, quedan convocados oficialmente las alumnas y alumnos que van a participar en la primera eliminatoria del I Torneo de debate del IES Al-Fakar. Les recordamos&#46;&#46;&#46;<\/p>\n","protected":false},"author":2760,"featured_media":7886,"comment_status":"open","ping_status":"open","sticky":false,"template":"","format":"standard","meta":{"_exactmetrics_skip_tracking":false,"_exactmetrics_sitenote_active":false,"_exactmetrics_sitenote_note":"","_exactmetrics_sitenote_category":0,"ngg_post_thumbnail":0,"footnotes":""},"categories":[1761,526],"tags":[],"aioseo_notices":[],"_links":{"self":[{"href":"https:\/\/blogsaverroes.juntadeandalucia.es\/iesalfakar\/wp-json\/wp\/v2\/posts\/7851"}],"collection":[{"href":"https:\/\/blogsaverroes.juntadeandalucia.es\/iesalfakar\/wp-json\/wp\/v2\/posts"}],"about":[{"href":"https:\/\/blogsaverroes.juntadeandalucia.es\/iesalfakar\/wp-json\/wp\/v2\/types\/post"}],"author":[{"embeddable":true,"href":"https:\/\/blogsaverroes.juntadeandalucia.es\/iesalfakar\/wp-json\/wp\/v2\/users\/2760"}],"replies":[{"embeddable":true,"href":"https:\/\/blogsaverroes.juntadeandalucia.es\/iesalfakar\/wp-json\/wp\/v2\/comments?post=7851"}],"version-history":[{"count":1,"href":"https:\/\/blogsaverroes.juntadeandalucia.es\/iesalfakar\/wp-json\/wp\/v2\/posts\/7851\/revisions"}],"predecessor-version":[{"id":7852,"href":"https:\/\/blogsaverroes.juntadeandalucia.es\/iesalfakar\/wp-json\/wp\/v2\/posts\/7851\/revisions\/7852"}],"wp:featuredmedia":[{"embeddable":true,"href":"https:\/\/blogsaverroes.juntadeandalucia.es\/iesalfakar\/wp-json\/wp\/v2\/media\/7886"}],"wp:attachment":[{"href":"https:\/\/blogsaverroes.juntadeandalucia.es\/iesalfakar\/wp-json\/wp\/v2\/media?parent=7851"}],"wp:term":[{"taxonomy":"category","embeddable":true,"href":"https:\/\/blogsaverroes.juntadeandalucia.es\/iesalfakar\/wp-json\/wp\/v2\/categories?post=7851"},{"taxonomy":"post_tag","embeddable":true,"href":"https:\/\/blogsaverroes.juntadeandalucia.es\/iesalfakar\/wp-json\/wp\/v2\/tags?post=7851"}],"curies":[{"name":"wp","href":"https:\/\/api.w.org\/{rel}","templated":true}]}}