{"id":7929,"date":"2025-06-03T16:03:03","date_gmt":"2025-06-03T15:03:03","guid":{"rendered":"https:\/\/blogsaverroes.juntadeandalucia.es\/iesalfakar\/?p=7929"},"modified":"2025-06-04T16:39:49","modified_gmt":"2025-06-04T15:39:49","slug":"proyecto-cantera-2o-y-3o-eso","status":"publish","type":"post","link":"https:\/\/blogsaverroes.juntadeandalucia.es\/iesalfakar\/2025\/06\/03\/proyecto-cantera-2o-y-3o-eso\/","title":{"rendered":"PROYECTO CANTERA 2\u00ba Y 3\u00ba ESO"},"content":{"rendered":"<div class=\"aju\">\n<div class=\"aCi\">&nbsp;<\/div>\n<\/div>\n<div class=\"gs\">\n<div id=\":lq\">\n<div class=\"wl4W9b\">Durante este curso nuevamente contando con la colaboraci\u00f3n de la Concejal\u00eda de Juventud del Ayuntamiento de Alfacar y la Diputaci\u00f3n de Granada nuestro alumnado de 2 y 3 de ESO ha estado participando en el proyecto Cantera,cuyo objetivo general es poner a disposici\u00f3n de las personas j\u00f3venes de la provincia de Granada un proceso formativo para la adquisici\u00f3n de habilidades y destrezas que desarrollen h\u00e1bitos de participaci\u00f3n juvenil.<\/div>\n<\/div>\n<div class=\"\">\n<div id=\":o3\" class=\"ii gt\">\n<div id=\":o4\" class=\"a3s aiL \">\n<div dir=\"auto\">\n<div dir=\"auto\">&nbsp;<\/div>\n<div dir=\"auto\">&nbsp;<\/div>\n<div dir=\"auto\">Las monitoras Mar\u00eda y Resu han hecho una gran labor acompa\u00f1adas de los tutores Piedad, Antonio, Isabel , Mar\u00eda y Rafa.<\/div>\n<div dir=\"auto\">&nbsp;<\/div>\n<div dir=\"auto\">&nbsp;Est\u00e1 semana el alumnado ha presentado los proyectos finales con tem\u00e1ticas muy diversas y donde nos han explicado la situaci\u00f3nno necesidad que les preocupa o es una realidad y en la que es necesario intervenir:<\/div>\n<div dir=\"auto\">&nbsp;<\/div>\n<div dir=\"auto\">&nbsp;<\/div>\n<div dir=\"auto\">2\u00baESO, gordofobia, acoso escolar, la amistad y el aislamiento por redes sociales, robo, exclusi\u00f3n en un grupo, racismo.<\/div>\n<div dir=\"auto\">3\u00baESO Necesidad de un pabell\u00f3n, cine de verano, actividades festivas, Karting, parque de tirolinas y hacer deporte.<\/div>\n<div dir=\"auto\">&nbsp;<\/div>\n<div dir=\"auto\">&nbsp;<\/div>\n<div dir=\"auto\">El alumnado ha valorado como positiva su participaci\u00f3n en el proyecto y se han despedido de monitoras hasta el pr\u00f3ximo curso 2025-26.<\/div>\n<div dir=\"auto\">&nbsp;<\/div>\n<div dir=\"auto\">&nbsp;.<\/div>\n<div dir=\"auto\">&nbsp;<\/div>\n<div dir=\"auto\">&nbsp;.<\/div>\n<\/div>\n<\/div>\n<\/div>\n<\/div>\n<\/div>\nngg_shortcode_0_placeholder\n","protected":false},"excerpt":{"rendered":"<p>&nbsp; Durante este curso nuevamente contando con la colaboraci\u00f3n de la Concejal\u00eda de Juventud del Ayuntamiento de Alfacar y la Diputaci\u00f3n de Granada nuestro alumnado de 2 y 3 de ESO ha estado participando&#46;&#46;&#46;<\/p>\n","protected":false},"author":2760,"featured_media":7960,"comment_status":"open","ping_status":"open","sticky":false,"template":"","format":"standard","meta":{"_exactmetrics_skip_tracking":false,"_exactmetrics_sitenote_active":false,"_exactmetrics_sitenote_note":"","_exactmetrics_sitenote_category":0,"ngg_post_thumbnail":0,"footnotes":""},"categories":[1761,66,526,25510],"tags":[],"aioseo_notices":[],"_links":{"self":[{"href":"https:\/\/blogsaverroes.juntadeandalucia.es\/iesalfakar\/wp-json\/wp\/v2\/posts\/7929"}],"collection":[{"href":"https:\/\/blogsaverroes.juntadeandalucia.es\/iesalfakar\/wp-json\/wp\/v2\/posts"}],"about":[{"href":"https:\/\/blogsaverroes.juntadeandalucia.es\/iesalfakar\/wp-json\/wp\/v2\/types\/post"}],"author":[{"embeddable":true,"href":"https:\/\/blogsaverroes.juntadeandalucia.es\/iesalfakar\/wp-json\/wp\/v2\/users\/2760"}],"replies":[{"embeddable":true,"href":"https:\/\/blogsaverroes.juntadeandalucia.es\/iesalfakar\/wp-json\/wp\/v2\/comments?post=7929"}],"version-history":[{"count":4,"href":"https:\/\/blogsaverroes.juntadeandalucia.es\/iesalfakar\/wp-json\/wp\/v2\/posts\/7929\/revisions"}],"predecessor-version":[{"id":7962,"href":"https:\/\/blogsaverroes.juntadeandalucia.es\/iesalfakar\/wp-json\/wp\/v2\/posts\/7929\/revisions\/7962"}],"wp:featuredmedia":[{"embeddable":true,"href":"https:\/\/blogsaverroes.juntadeandalucia.es\/iesalfakar\/wp-json\/wp\/v2\/media\/7960"}],"wp:attachment":[{"href":"https:\/\/blogsaverroes.juntadeandalucia.es\/iesalfakar\/wp-json\/wp\/v2\/media?parent=7929"}],"wp:term":[{"taxonomy":"category","embeddable":true,"href":"https:\/\/blogsaverroes.juntadeandalucia.es\/iesalfakar\/wp-json\/wp\/v2\/categories?post=7929"},{"taxonomy":"post_tag","embeddable":true,"href":"https:\/\/blogsaverroes.juntadeandalucia.es\/iesalfakar\/wp-json\/wp\/v2\/tags?post=7929"}],"curies":[{"name":"wp","href":"https:\/\/api.w.org\/{rel}","templated":true}]}}