{"id":11348,"date":"2021-11-23T18:03:38","date_gmt":"2021-11-23T18:03:38","guid":{"rendered":"https:\/\/blogsaverroes.juntadeandalucia.es\/iesalfonsoxi\/?p=11348"},"modified":"2021-11-23T18:31:46","modified_gmt":"2021-11-23T18:31:46","slug":"celebracion-del-pleno-infantil-2021","status":"publish","type":"post","link":"https:\/\/blogsaverroes.juntadeandalucia.es\/iesalfonsoxi\/2021\/11\/23\/celebracion-del-pleno-infantil-2021\/","title":{"rendered":"Celebraci\u00f3n del Pleno Infantil 2021"},"content":{"rendered":"<div style=\"text-align: justify\">\u00abEl pasado viernes 19 de noviembre tuvo lugar en el sal\u00f3n de plenos del Ayuntamiento de Alcal\u00e1 la Real la celebraci\u00f3n del Pleno Infantil anual para conmemorar la aprobaci\u00f3n de la Carta Municipal de los Derechos del Ni\u00f1o en Andaluc\u00eda por el consistorio municipal y que se enmarca dentro de las actividades programadas por el mismo con motivo del D\u00eda Internacional de los Derechos del Ni\u00f1o. En este acto, los representantes de los alumnos y alumnas de todos los centros del municipio se reunieron para debatir sobre la situaci\u00f3n de los ni\u00f1os y ni\u00f1as de nuestro entorno y del mundo, as\u00ed como realizar propuestas para mejorar su d\u00eda a d\u00eda en la localidad y sus anejos, las cuales fueron escuchadas atentamente por el alcalde del municipio, Antonio Gabino Aguilera Pe\u00f1alver y por el concejal de educaci\u00f3n, Baldomero Andreu Mart\u00ednez. Nuestro instituto fue representado por Celia Rosales Carrillo, alumna de 1\u00ba de ESO C, quien tambi\u00e9n desempe\u00f1\u00f3 el papel de Alcaldesa del Pleno. \u00a1Gracias, Celia, por representar a nuestro instituto Alfonso XI como alcaldesa del Pleno Infantil y hacer llegar nuestras peticiones en este d\u00eda!\u00bb<\/div>\n<div><a href=\"https:\/\/drive.google.com\/file\/d\/1o0z3-0N1XVEr7lAhG6VeXEaBSjdoP6pc\/view?usp=sharing\">VER V\u00cdDEO<\/a><\/div>\n<div><a href=\"https:\/\/drive.google.com\/file\/d\/1OPmk6cZFqxwxc3C1t20YdbRRJwrWgS87\/view?usp=sharing\">VER V\u00cdDEO 2<\/a><\/div>\n<div><a href=\"https:\/\/blogsaverroes.juntadeandalucia.es\/iesalfonsoxi\/files\/2021\/11\/IMG_20211119_131024-scaled.jpg\"><img fetchpriority=\"high\" decoding=\"async\" class=\"aligncenter size-full wp-image-11349\" src=\"https:\/\/blogsaverroes.juntadeandalucia.es\/iesalfonsoxi\/files\/2021\/11\/IMG_20211119_131024-scaled.jpg\" alt=\"\" width=\"1200\" height=\"1600\" srcset=\"https:\/\/blogsaverroes.juntadeandalucia.es\/iesalfonsoxi\/files\/2021\/11\/IMG_20211119_131024-scaled.jpg 1200w, https:\/\/blogsaverroes.juntadeandalucia.es\/iesalfonsoxi\/files\/2021\/11\/IMG_20211119_131024-225x300.jpg 225w, https:\/\/blogsaverroes.juntadeandalucia.es\/iesalfonsoxi\/files\/2021\/11\/IMG_20211119_131024-768x1024.jpg 768w, https:\/\/blogsaverroes.juntadeandalucia.es\/iesalfonsoxi\/files\/2021\/11\/IMG_20211119_131024-1152x1536.jpg 1152w, https:\/\/blogsaverroes.juntadeandalucia.es\/iesalfonsoxi\/files\/2021\/11\/IMG_20211119_131024-1536x2048.jpg 1536w\" sizes=\"(max-width: 1200px) 100vw, 1200px\" \/><\/a> <a href=\"https:\/\/blogsaverroes.juntadeandalucia.es\/iesalfonsoxi\/files\/2021\/11\/IMG_20211119_125948-scaled.jpg\"><img decoding=\"async\" class=\"aligncenter size-full wp-image-11351\" src=\"https:\/\/blogsaverroes.juntadeandalucia.es\/iesalfonsoxi\/files\/2021\/11\/IMG_20211119_125948-scaled.jpg\" alt=\"\" width=\"1200\" height=\"1600\" srcset=\"https:\/\/blogsaverroes.juntadeandalucia.es\/iesalfonsoxi\/files\/2021\/11\/IMG_20211119_125948-scaled.jpg 1200w, https:\/\/blogsaverroes.juntadeandalucia.es\/iesalfonsoxi\/files\/2021\/11\/IMG_20211119_125948-225x300.jpg 225w, https:\/\/blogsaverroes.juntadeandalucia.es\/iesalfonsoxi\/files\/2021\/11\/IMG_20211119_125948-768x1024.jpg 768w, https:\/\/blogsaverroes.juntadeandalucia.es\/iesalfonsoxi\/files\/2021\/11\/IMG_20211119_125948-1152x1536.jpg 1152w, https:\/\/blogsaverroes.juntadeandalucia.es\/iesalfonsoxi\/files\/2021\/11\/IMG_20211119_125948-1536x2048.jpg 1536w\" sizes=\"(max-width: 1200px) 100vw, 1200px\" \/><\/a><\/div>\n","protected":false},"excerpt":{"rendered":"<p>\u00abEl pasado viernes 19 de noviembre tuvo lugar en el sal\u00f3n de plenos del Ayuntamiento de Alcal\u00e1 la Real la celebraci\u00f3n del Pleno Infantil anual para conmemorar la aprobaci\u00f3n de la Carta Municipal de los Derechos del Ni\u00f1o en Andaluc\u00eda por el consistorio municipal y que se enmarca dentro de las actividades programadas por el &hellip; <\/p>\n<p><a class=\"more-link btn\" href=\"https:\/\/blogsaverroes.juntadeandalucia.es\/iesalfonsoxi\/2021\/11\/23\/celebracion-del-pleno-infantil-2021\/\">Seguir leyendo<\/a><\/p>\n","protected":false},"author":6379,"featured_media":11352,"comment_status":"open","ping_status":"open","sticky":false,"template":"","format":"standard","meta":{"ngg_post_thumbnail":0,"footnotes":""},"categories":[1586544],"tags":[],"aioseo_notices":[],"_links":{"self":[{"href":"https:\/\/blogsaverroes.juntadeandalucia.es\/iesalfonsoxi\/wp-json\/wp\/v2\/posts\/11348"}],"collection":[{"href":"https:\/\/blogsaverroes.juntadeandalucia.es\/iesalfonsoxi\/wp-json\/wp\/v2\/posts"}],"about":[{"href":"https:\/\/blogsaverroes.juntadeandalucia.es\/iesalfonsoxi\/wp-json\/wp\/v2\/types\/post"}],"author":[{"embeddable":true,"href":"https:\/\/blogsaverroes.juntadeandalucia.es\/iesalfonsoxi\/wp-json\/wp\/v2\/users\/6379"}],"replies":[{"embeddable":true,"href":"https:\/\/blogsaverroes.juntadeandalucia.es\/iesalfonsoxi\/wp-json\/wp\/v2\/comments?post=11348"}],"version-history":[{"count":2,"href":"https:\/\/blogsaverroes.juntadeandalucia.es\/iesalfonsoxi\/wp-json\/wp\/v2\/posts\/11348\/revisions"}],"predecessor-version":[{"id":11354,"href":"https:\/\/blogsaverroes.juntadeandalucia.es\/iesalfonsoxi\/wp-json\/wp\/v2\/posts\/11348\/revisions\/11354"}],"wp:featuredmedia":[{"embeddable":true,"href":"https:\/\/blogsaverroes.juntadeandalucia.es\/iesalfonsoxi\/wp-json\/wp\/v2\/media\/11352"}],"wp:attachment":[{"href":"https:\/\/blogsaverroes.juntadeandalucia.es\/iesalfonsoxi\/wp-json\/wp\/v2\/media?parent=11348"}],"wp:term":[{"taxonomy":"category","embeddable":true,"href":"https:\/\/blogsaverroes.juntadeandalucia.es\/iesalfonsoxi\/wp-json\/wp\/v2\/categories?post=11348"},{"taxonomy":"post_tag","embeddable":true,"href":"https:\/\/blogsaverroes.juntadeandalucia.es\/iesalfonsoxi\/wp-json\/wp\/v2\/tags?post=11348"}],"curies":[{"name":"wp","href":"https:\/\/api.w.org\/{rel}","templated":true}]}}