{"id":11384,"date":"2021-11-26T12:06:59","date_gmt":"2021-11-26T12:06:59","guid":{"rendered":"https:\/\/blogsaverroes.juntadeandalucia.es\/iesalfonsoxi\/?p=11384"},"modified":"2021-11-26T12:12:17","modified_gmt":"2021-11-26T12:12:17","slug":"25-n","status":"publish","type":"post","link":"https:\/\/blogsaverroes.juntadeandalucia.es\/iesalfonsoxi\/2021\/11\/26\/25-n\/","title":{"rendered":"25 N"},"content":{"rendered":"<p style=\"text-align: justify\">Con motivo de la conmemoraci\u00f3n del D\u00eda para la Eliminaci\u00f3n de la Violencia contra la Mujer nuestro alumnado de la ESO han participado en un \u00abscape room\u00bb organizado por el Ayuntamiento de Alcal\u00e1 la Real.<br \/>\nPor otro lado, los cursos de 1\u00ba y 2\u00ba han dejado plasmados sus mensajes contra el maltrato en unas plumas que han juntado para formar las alas que dan fuerza a las mujeres para salir de las situaciones de violencia.<br \/>\nDebemos dar las gracias por su colaboraci\u00f3n a M\u00f3nica Vargas, profesora de Educaci\u00f3n Pl\u00e1stica, a M\u00aa Carmen Ruiz, PTIS y a Celia Mart\u00ednez, alumna de 2\u00ba C. Entre todos hemos conseguido que el proyecto salga adelante.<a href=\"https:\/\/blogsaverroes.juntadeandalucia.es\/iesalfonsoxi\/files\/2021\/11\/WhatsApp-Image-2021-11-26-at-11.39.41-Eva-Mar\u00eda-Mart\u00edn-Cuenca.jpeg\"><img fetchpriority=\"high\" decoding=\"async\" class=\"aligncenter size-full wp-image-11386\" src=\"https:\/\/blogsaverroes.juntadeandalucia.es\/iesalfonsoxi\/files\/2021\/11\/WhatsApp-Image-2021-11-26-at-11.39.41-Eva-Mar\u00eda-Mart\u00edn-Cuenca.jpeg\" alt=\"\" width=\"1201\" height=\"1600\" srcset=\"https:\/\/blogsaverroes.juntadeandalucia.es\/iesalfonsoxi\/files\/2021\/11\/WhatsApp-Image-2021-11-26-at-11.39.41-Eva-Mar\u00eda-Mart\u00edn-Cuenca.jpeg 1201w, https:\/\/blogsaverroes.juntadeandalucia.es\/iesalfonsoxi\/files\/2021\/11\/WhatsApp-Image-2021-11-26-at-11.39.41-Eva-Mar\u00eda-Mart\u00edn-Cuenca-225x300.jpeg 225w, https:\/\/blogsaverroes.juntadeandalucia.es\/iesalfonsoxi\/files\/2021\/11\/WhatsApp-Image-2021-11-26-at-11.39.41-Eva-Mar\u00eda-Mart\u00edn-Cuenca-769x1024.jpeg 769w, https:\/\/blogsaverroes.juntadeandalucia.es\/iesalfonsoxi\/files\/2021\/11\/WhatsApp-Image-2021-11-26-at-11.39.41-Eva-Mar\u00eda-Mart\u00edn-Cuenca-768x1023.jpeg 768w, https:\/\/blogsaverroes.juntadeandalucia.es\/iesalfonsoxi\/files\/2021\/11\/WhatsApp-Image-2021-11-26-at-11.39.41-Eva-Mar\u00eda-Mart\u00edn-Cuenca-1153x1536.jpeg 1153w\" sizes=\"(max-width: 1201px) 100vw, 1201px\" \/><\/a> <a href=\"https:\/\/blogsaverroes.juntadeandalucia.es\/iesalfonsoxi\/files\/2021\/11\/WhatsApp-Image-2021-11-26-at-11.39.41-3-Eva-Mar\u00eda-Mart\u00edn-Cuenca.jpeg\"><img decoding=\"async\" class=\"aligncenter size-full wp-image-11387\" src=\"https:\/\/blogsaverroes.juntadeandalucia.es\/iesalfonsoxi\/files\/2021\/11\/WhatsApp-Image-2021-11-26-at-11.39.41-3-Eva-Mar\u00eda-Mart\u00edn-Cuenca.jpeg\" alt=\"\" width=\"1201\" height=\"1600\" srcset=\"https:\/\/blogsaverroes.juntadeandalucia.es\/iesalfonsoxi\/files\/2021\/11\/WhatsApp-Image-2021-11-26-at-11.39.41-3-Eva-Mar\u00eda-Mart\u00edn-Cuenca.jpeg 1201w, https:\/\/blogsaverroes.juntadeandalucia.es\/iesalfonsoxi\/files\/2021\/11\/WhatsApp-Image-2021-11-26-at-11.39.41-3-Eva-Mar\u00eda-Mart\u00edn-Cuenca-225x300.jpeg 225w, https:\/\/blogsaverroes.juntadeandalucia.es\/iesalfonsoxi\/files\/2021\/11\/WhatsApp-Image-2021-11-26-at-11.39.41-3-Eva-Mar\u00eda-Mart\u00edn-Cuenca-769x1024.jpeg 769w, https:\/\/blogsaverroes.juntadeandalucia.es\/iesalfonsoxi\/files\/2021\/11\/WhatsApp-Image-2021-11-26-at-11.39.41-3-Eva-Mar\u00eda-Mart\u00edn-Cuenca-768x1023.jpeg 768w, https:\/\/blogsaverroes.juntadeandalucia.es\/iesalfonsoxi\/files\/2021\/11\/WhatsApp-Image-2021-11-26-at-11.39.41-3-Eva-Mar\u00eda-Mart\u00edn-Cuenca-1153x1536.jpeg 1153w\" sizes=\"(max-width: 1201px) 100vw, 1201px\" \/><\/a> <a href=\"https:\/\/blogsaverroes.juntadeandalucia.es\/iesalfonsoxi\/files\/2021\/11\/WhatsApp-Image-2021-11-26-at-11.39.41-2-Eva-Mar\u00eda-Mart\u00edn-Cuenca.jpeg\"><img decoding=\"async\" class=\"aligncenter size-full wp-image-11388\" src=\"https:\/\/blogsaverroes.juntadeandalucia.es\/iesalfonsoxi\/files\/2021\/11\/WhatsApp-Image-2021-11-26-at-11.39.41-2-Eva-Mar\u00eda-Mart\u00edn-Cuenca.jpeg\" alt=\"\" width=\"1201\" height=\"1600\" srcset=\"https:\/\/blogsaverroes.juntadeandalucia.es\/iesalfonsoxi\/files\/2021\/11\/WhatsApp-Image-2021-11-26-at-11.39.41-2-Eva-Mar\u00eda-Mart\u00edn-Cuenca.jpeg 1201w, https:\/\/blogsaverroes.juntadeandalucia.es\/iesalfonsoxi\/files\/2021\/11\/WhatsApp-Image-2021-11-26-at-11.39.41-2-Eva-Mar\u00eda-Mart\u00edn-Cuenca-225x300.jpeg 225w, https:\/\/blogsaverroes.juntadeandalucia.es\/iesalfonsoxi\/files\/2021\/11\/WhatsApp-Image-2021-11-26-at-11.39.41-2-Eva-Mar\u00eda-Mart\u00edn-Cuenca-769x1024.jpeg 769w, https:\/\/blogsaverroes.juntadeandalucia.es\/iesalfonsoxi\/files\/2021\/11\/WhatsApp-Image-2021-11-26-at-11.39.41-2-Eva-Mar\u00eda-Mart\u00edn-Cuenca-768x1023.jpeg 768w, https:\/\/blogsaverroes.juntadeandalucia.es\/iesalfonsoxi\/files\/2021\/11\/WhatsApp-Image-2021-11-26-at-11.39.41-2-Eva-Mar\u00eda-Mart\u00edn-Cuenca-1153x1536.jpeg 1153w\" sizes=\"(max-width: 1201px) 100vw, 1201px\" \/><\/a> <a href=\"https:\/\/blogsaverroes.juntadeandalucia.es\/iesalfonsoxi\/files\/2021\/11\/WhatsApp-Image-2021-11-26-at-11.39.41-1-Eva-Mar\u00eda-Mart\u00edn-Cuenca.jpeg\"><img loading=\"lazy\" decoding=\"async\" class=\"aligncenter size-full wp-image-11389\" src=\"https:\/\/blogsaverroes.juntadeandalucia.es\/iesalfonsoxi\/files\/2021\/11\/WhatsApp-Image-2021-11-26-at-11.39.41-1-Eva-Mar\u00eda-Mart\u00edn-Cuenca.jpeg\" alt=\"\" width=\"1201\" height=\"1600\" srcset=\"https:\/\/blogsaverroes.juntadeandalucia.es\/iesalfonsoxi\/files\/2021\/11\/WhatsApp-Image-2021-11-26-at-11.39.41-1-Eva-Mar\u00eda-Mart\u00edn-Cuenca.jpeg 1201w, https:\/\/blogsaverroes.juntadeandalucia.es\/iesalfonsoxi\/files\/2021\/11\/WhatsApp-Image-2021-11-26-at-11.39.41-1-Eva-Mar\u00eda-Mart\u00edn-Cuenca-225x300.jpeg 225w, https:\/\/blogsaverroes.juntadeandalucia.es\/iesalfonsoxi\/files\/2021\/11\/WhatsApp-Image-2021-11-26-at-11.39.41-1-Eva-Mar\u00eda-Mart\u00edn-Cuenca-769x1024.jpeg 769w, https:\/\/blogsaverroes.juntadeandalucia.es\/iesalfonsoxi\/files\/2021\/11\/WhatsApp-Image-2021-11-26-at-11.39.41-1-Eva-Mar\u00eda-Mart\u00edn-Cuenca-768x1023.jpeg 768w, https:\/\/blogsaverroes.juntadeandalucia.es\/iesalfonsoxi\/files\/2021\/11\/WhatsApp-Image-2021-11-26-at-11.39.41-1-Eva-Mar\u00eda-Mart\u00edn-Cuenca-1153x1536.jpeg 1153w\" sizes=\"(max-width: 1201px) 100vw, 1201px\" \/><\/a><\/p>\n","protected":false},"excerpt":{"rendered":"<p>Con motivo de la conmemoraci\u00f3n del D\u00eda para la Eliminaci\u00f3n de la Violencia contra la Mujer nuestro alumnado de la ESO han participado en un \u00abscape room\u00bb organizado por el Ayuntamiento de Alcal\u00e1 la Real. Por otro lado, los cursos de 1\u00ba y 2\u00ba han dejado plasmados sus mensajes contra el maltrato en unas plumas &hellip; <\/p>\n<p><a class=\"more-link btn\" href=\"https:\/\/blogsaverroes.juntadeandalucia.es\/iesalfonsoxi\/2021\/11\/26\/25-n\/\">Seguir leyendo<\/a><\/p>\n","protected":false},"author":6379,"featured_media":11385,"comment_status":"closed","ping_status":"open","sticky":false,"template":"","format":"standard","meta":{"ngg_post_thumbnail":0,"footnotes":""},"categories":[13473],"tags":[],"aioseo_notices":[],"_links":{"self":[{"href":"https:\/\/blogsaverroes.juntadeandalucia.es\/iesalfonsoxi\/wp-json\/wp\/v2\/posts\/11384"}],"collection":[{"href":"https:\/\/blogsaverroes.juntadeandalucia.es\/iesalfonsoxi\/wp-json\/wp\/v2\/posts"}],"about":[{"href":"https:\/\/blogsaverroes.juntadeandalucia.es\/iesalfonsoxi\/wp-json\/wp\/v2\/types\/post"}],"author":[{"embeddable":true,"href":"https:\/\/blogsaverroes.juntadeandalucia.es\/iesalfonsoxi\/wp-json\/wp\/v2\/users\/6379"}],"replies":[{"embeddable":true,"href":"https:\/\/blogsaverroes.juntadeandalucia.es\/iesalfonsoxi\/wp-json\/wp\/v2\/comments?post=11384"}],"version-history":[{"count":1,"href":"https:\/\/blogsaverroes.juntadeandalucia.es\/iesalfonsoxi\/wp-json\/wp\/v2\/posts\/11384\/revisions"}],"predecessor-version":[{"id":11390,"href":"https:\/\/blogsaverroes.juntadeandalucia.es\/iesalfonsoxi\/wp-json\/wp\/v2\/posts\/11384\/revisions\/11390"}],"wp:featuredmedia":[{"embeddable":true,"href":"https:\/\/blogsaverroes.juntadeandalucia.es\/iesalfonsoxi\/wp-json\/wp\/v2\/media\/11385"}],"wp:attachment":[{"href":"https:\/\/blogsaverroes.juntadeandalucia.es\/iesalfonsoxi\/wp-json\/wp\/v2\/media?parent=11384"}],"wp:term":[{"taxonomy":"category","embeddable":true,"href":"https:\/\/blogsaverroes.juntadeandalucia.es\/iesalfonsoxi\/wp-json\/wp\/v2\/categories?post=11384"},{"taxonomy":"post_tag","embeddable":true,"href":"https:\/\/blogsaverroes.juntadeandalucia.es\/iesalfonsoxi\/wp-json\/wp\/v2\/tags?post=11384"}],"curies":[{"name":"wp","href":"https:\/\/api.w.org\/{rel}","templated":true}]}}