{"id":13601,"date":"2023-03-20T12:20:04","date_gmt":"2023-03-20T12:20:04","guid":{"rendered":"https:\/\/blogsaverroes.juntadeandalucia.es\/iesalfonsoxi\/?p=13601"},"modified":"2023-03-20T12:27:47","modified_gmt":"2023-03-20T12:27:47","slug":"xxxviii-olimpiada-matematica-s-a-e-m-thales","status":"publish","type":"post","link":"https:\/\/blogsaverroes.juntadeandalucia.es\/iesalfonsoxi\/2023\/03\/20\/xxxviii-olimpiada-matematica-s-a-e-m-thales\/","title":{"rendered":"XXXVIII Olimpiada Matem\u00e1tica S.A.E.M. Thales"},"content":{"rendered":"<p><a href=\"https:\/\/blogsaverroes.juntadeandalucia.es\/iesalfonsoxi\/files\/2023\/03\/WhatsApp-Image-2023-03-20-at-13.09.21.jpeg\"><img fetchpriority=\"high\" decoding=\"async\" class=\"wp-image-13603 alignleft\" src=\"https:\/\/blogsaverroes.juntadeandalucia.es\/iesalfonsoxi\/files\/2023\/03\/WhatsApp-Image-2023-03-20-at-13.09.21.jpeg\" alt=\"\" width=\"240\" height=\"321\" srcset=\"https:\/\/blogsaverroes.juntadeandalucia.es\/iesalfonsoxi\/files\/2023\/03\/WhatsApp-Image-2023-03-20-at-13.09.21.jpeg 1197w, https:\/\/blogsaverroes.juntadeandalucia.es\/iesalfonsoxi\/files\/2023\/03\/WhatsApp-Image-2023-03-20-at-13.09.21-224x300.jpeg 224w, https:\/\/blogsaverroes.juntadeandalucia.es\/iesalfonsoxi\/files\/2023\/03\/WhatsApp-Image-2023-03-20-at-13.09.21-766x1024.jpeg 766w, https:\/\/blogsaverroes.juntadeandalucia.es\/iesalfonsoxi\/files\/2023\/03\/WhatsApp-Image-2023-03-20-at-13.09.21-768x1027.jpeg 768w, https:\/\/blogsaverroes.juntadeandalucia.es\/iesalfonsoxi\/files\/2023\/03\/WhatsApp-Image-2023-03-20-at-13.09.21-1149x1536.jpeg 1149w\" sizes=\"(max-width: 240px) 100vw, 240px\" \/><\/a><\/p>\n<p>&nbsp;<\/p>\n<p>Agradecemos la participaci\u00f3n de nuestros alumnos: Hugo Ure\u00f1a Ib\u00e1\u00f1ez, Gerardo Jim\u00e9nez Lizana, Iv\u00e1n Nieto Mart\u00ednez y Jhonatan David S\u00e1nchez Verme, en la edici\u00f3n provincial de la <strong><span style=\"color: #993366\">XXXVIII Olimpiada Matem\u00e1tica S.A.E.M. Thales<\/span><\/strong> de la Sociedad Andaluza de Educaci\u00f3n Matem\u00e1tica celebrada el pasado 18 de marzo en el IES Virgen del Carmen de Ja\u00e9n.<\/p>\n<h5 style=\"text-align: center\"><strong><span style=\"color: #993366\">\u00a1Les deseamos mucha suerte a los cuatro!<\/span><\/strong><\/h5>\n","protected":false},"excerpt":{"rendered":"<p>&nbsp; Agradecemos la participaci\u00f3n de nuestros alumnos: Hugo Ure\u00f1a Ib\u00e1\u00f1ez, Gerardo Jim\u00e9nez Lizana, Iv\u00e1n Nieto Mart\u00ednez y Jhonatan David S\u00e1nchez Verme, en la edici\u00f3n provincial de la XXXVIII Olimpiada Matem\u00e1tica S.A.E.M. Thales de la Sociedad Andaluza de Educaci\u00f3n Matem\u00e1tica celebrada el pasado 18 de marzo en el IES Virgen del Carmen de Ja\u00e9n. \u00a1Les deseamos &hellip; <\/p>\n<p><a class=\"more-link btn\" href=\"https:\/\/blogsaverroes.juntadeandalucia.es\/iesalfonsoxi\/2023\/03\/20\/xxxviii-olimpiada-matematica-s-a-e-m-thales\/\">Seguir leyendo<\/a><\/p>\n","protected":false},"author":6379,"featured_media":13602,"comment_status":"closed","ping_status":"open","sticky":false,"template":"","format":"standard","meta":{"ngg_post_thumbnail":0,"footnotes":""},"categories":[25506],"tags":[2336385,2336386],"aioseo_notices":[],"_links":{"self":[{"href":"https:\/\/blogsaverroes.juntadeandalucia.es\/iesalfonsoxi\/wp-json\/wp\/v2\/posts\/13601"}],"collection":[{"href":"https:\/\/blogsaverroes.juntadeandalucia.es\/iesalfonsoxi\/wp-json\/wp\/v2\/posts"}],"about":[{"href":"https:\/\/blogsaverroes.juntadeandalucia.es\/iesalfonsoxi\/wp-json\/wp\/v2\/types\/post"}],"author":[{"embeddable":true,"href":"https:\/\/blogsaverroes.juntadeandalucia.es\/iesalfonsoxi\/wp-json\/wp\/v2\/users\/6379"}],"replies":[{"embeddable":true,"href":"https:\/\/blogsaverroes.juntadeandalucia.es\/iesalfonsoxi\/wp-json\/wp\/v2\/comments?post=13601"}],"version-history":[{"count":2,"href":"https:\/\/blogsaverroes.juntadeandalucia.es\/iesalfonsoxi\/wp-json\/wp\/v2\/posts\/13601\/revisions"}],"predecessor-version":[{"id":13605,"href":"https:\/\/blogsaverroes.juntadeandalucia.es\/iesalfonsoxi\/wp-json\/wp\/v2\/posts\/13601\/revisions\/13605"}],"wp:featuredmedia":[{"embeddable":true,"href":"https:\/\/blogsaverroes.juntadeandalucia.es\/iesalfonsoxi\/wp-json\/wp\/v2\/media\/13602"}],"wp:attachment":[{"href":"https:\/\/blogsaverroes.juntadeandalucia.es\/iesalfonsoxi\/wp-json\/wp\/v2\/media?parent=13601"}],"wp:term":[{"taxonomy":"category","embeddable":true,"href":"https:\/\/blogsaverroes.juntadeandalucia.es\/iesalfonsoxi\/wp-json\/wp\/v2\/categories?post=13601"},{"taxonomy":"post_tag","embeddable":true,"href":"https:\/\/blogsaverroes.juntadeandalucia.es\/iesalfonsoxi\/wp-json\/wp\/v2\/tags?post=13601"}],"curies":[{"name":"wp","href":"https:\/\/api.w.org\/{rel}","templated":true}]}}