{"id":16537,"date":"2025-01-29T08:52:45","date_gmt":"2025-01-29T08:52:45","guid":{"rendered":"https:\/\/blogsaverroes.juntadeandalucia.es\/iesalfonsoxi\/?p=16537"},"modified":"2025-01-29T08:52:45","modified_gmt":"2025-01-29T08:52:45","slug":"actividades-por-el-dia-de-la-paz","status":"publish","type":"post","link":"https:\/\/blogsaverroes.juntadeandalucia.es\/iesalfonsoxi\/2025\/01\/29\/actividades-por-el-dia-de-la-paz\/","title":{"rendered":"Actividades por el d\u00eda de la Paz"},"content":{"rendered":"<p>El pr\u00f3ximo 30 de enero, y con motivo del d\u00eda internacional de la Paz, nuestro IES pondr\u00e1 el foco en la salud mental por medio de numerosas actividades que abarcaran a todos los niveles. Agradecer a ponentes, AMPA y profesorado su colaboraci\u00f3n. Ahora solo queda sacar el m\u00e1ximo provecho.<a href=\"https:\/\/blogsaverroes.juntadeandalucia.es\/iesalfonsoxi\/files\/2025\/01\/DIA-PAZ-25-ALFONSO.jpg\"><img fetchpriority=\"high\" decoding=\"async\" class=\"aligncenter size-medium wp-image-16538\" src=\"https:\/\/blogsaverroes.juntadeandalucia.es\/iesalfonsoxi\/files\/2025\/01\/DIA-PAZ-25-ALFONSO-212x300.jpg\" alt=\"\" width=\"212\" height=\"300\" srcset=\"https:\/\/blogsaverroes.juntadeandalucia.es\/iesalfonsoxi\/files\/2025\/01\/DIA-PAZ-25-ALFONSO-212x300.jpg 212w, https:\/\/blogsaverroes.juntadeandalucia.es\/iesalfonsoxi\/files\/2025\/01\/DIA-PAZ-25-ALFONSO-724x1024.jpg 724w, https:\/\/blogsaverroes.juntadeandalucia.es\/iesalfonsoxi\/files\/2025\/01\/DIA-PAZ-25-ALFONSO-768x1087.jpg 768w, https:\/\/blogsaverroes.juntadeandalucia.es\/iesalfonsoxi\/files\/2025\/01\/DIA-PAZ-25-ALFONSO-1085x1536.jpg 1085w, https:\/\/blogsaverroes.juntadeandalucia.es\/iesalfonsoxi\/files\/2025\/01\/DIA-PAZ-25-ALFONSO.jpg 1240w\" sizes=\"(max-width: 212px) 100vw, 212px\" \/><\/a><\/p>\n","protected":false},"excerpt":{"rendered":"<p>El pr\u00f3ximo 30 de enero, y con motivo del d\u00eda internacional de la Paz, nuestro IES pondr\u00e1 el foco en la salud mental por medio de numerosas actividades que abarcaran a todos los niveles. Agradecer a ponentes, AMPA y profesorado su colaboraci\u00f3n. Ahora solo queda sacar el m\u00e1ximo provecho.<\/p>\n","protected":false},"author":6379,"featured_media":0,"comment_status":"closed","ping_status":"open","sticky":false,"template":"","format":"standard","meta":{"ngg_post_thumbnail":0,"footnotes":""},"categories":[],"tags":[],"aioseo_notices":[],"_links":{"self":[{"href":"https:\/\/blogsaverroes.juntadeandalucia.es\/iesalfonsoxi\/wp-json\/wp\/v2\/posts\/16537"}],"collection":[{"href":"https:\/\/blogsaverroes.juntadeandalucia.es\/iesalfonsoxi\/wp-json\/wp\/v2\/posts"}],"about":[{"href":"https:\/\/blogsaverroes.juntadeandalucia.es\/iesalfonsoxi\/wp-json\/wp\/v2\/types\/post"}],"author":[{"embeddable":true,"href":"https:\/\/blogsaverroes.juntadeandalucia.es\/iesalfonsoxi\/wp-json\/wp\/v2\/users\/6379"}],"replies":[{"embeddable":true,"href":"https:\/\/blogsaverroes.juntadeandalucia.es\/iesalfonsoxi\/wp-json\/wp\/v2\/comments?post=16537"}],"version-history":[{"count":1,"href":"https:\/\/blogsaverroes.juntadeandalucia.es\/iesalfonsoxi\/wp-json\/wp\/v2\/posts\/16537\/revisions"}],"predecessor-version":[{"id":16539,"href":"https:\/\/blogsaverroes.juntadeandalucia.es\/iesalfonsoxi\/wp-json\/wp\/v2\/posts\/16537\/revisions\/16539"}],"wp:attachment":[{"href":"https:\/\/blogsaverroes.juntadeandalucia.es\/iesalfonsoxi\/wp-json\/wp\/v2\/media?parent=16537"}],"wp:term":[{"taxonomy":"category","embeddable":true,"href":"https:\/\/blogsaverroes.juntadeandalucia.es\/iesalfonsoxi\/wp-json\/wp\/v2\/categories?post=16537"},{"taxonomy":"post_tag","embeddable":true,"href":"https:\/\/blogsaverroes.juntadeandalucia.es\/iesalfonsoxi\/wp-json\/wp\/v2\/tags?post=16537"}],"curies":[{"name":"wp","href":"https:\/\/api.w.org\/{rel}","templated":true}]}}